{"id":28308,"date":"2023-08-08T15:33:27","date_gmt":"2023-08-08T20:33:27","guid":{"rendered":"https:\/\/solidaridadnews.com\/?p=28308"},"modified":"2023-08-08T20:33:43","modified_gmt":"2023-08-08T20:33:43","slug":"escandalo-politico-explosivo-descubre-cuanto-amlo-podria-pagar-por-sus-comentarios-sobre-xochitl-galvez-las-multas-millonarias-que-nadie-vio-venir","status":"publish","type":"post","link":"https:\/\/solidaridadnews.com\/?p=28308","title":{"rendered":"\u00ab\u00a1Esc\u00e1ndalo Pol\u00edtico Explosivo! Descubre Cu\u00e1nto AMLO Podr\u00eda Pagar por sus Comentarios Sobre X\u00f3chitl G\u00e1lvez. \u00a1Las Multas Millonarias que Nadie Vio Venir!\u00bb"},"content":{"rendered":"<div class=\"row\">\n<div class=\"col-sm-xl-12 layout-section wrap-bottom\">\n<h4 class=\"primary-font__PrimaryFontStyles-o56yd5-0 heuGTu h4-primary sub-headline\" style=\"text-align: center;\">El juez Mart\u00edn Adolfo Santos dio un plazo de 48 horas para que el presidente L\u00f3pez Obrador brinde un informe sobre sus comentarios hacia la senadora del PAN.<\/h4>\n<div class=\"default__StyledDiv-cj38t1-0 gCPfDm share-bar\">\n<p class=\"default__StyledText-kkhi2r-0 cGAawy body-paragraph\">Un juez federal\u00a0<b>le otorg\u00f3 una suspensi\u00f3n provisional a\u00a0<\/b>X\u00f3chitl G\u00e1lvez contra los comentarios\u00a0y se\u00f1alamientos hechos por\u00a0<b>el presidente Andr\u00e9s Manuel L\u00f3pez Obrador.<\/b><\/p>\n<p class=\"default__StyledText-kkhi2r-0 cGAawy body-paragraph\">La senadora panista y aspirante a candidata presidencial de la oposici\u00f3n reclam\u00f3 las declaraciones hechas en su contra al considerarlas hechos y calificaciones que van en perjuicio de los\u00a0<b>derechos humanos.<\/b><\/p>\n<p class=\"default__StyledText-kkhi2r-0 cGAawy body-paragraph\">A trav\u00e9s del amparo 1179\/2023,\u00a0<b>Mart\u00edn Adolfo Santos, titular del Juzgado Octavo de Distrito en materia Administrativa<\/b>, otorg\u00f3 el freno judicial y\u00a0<b>dio un plazo de 48 horas para que el titular del Ejecutivo rinda su informe previo<\/b>; en caso de no hacerlo se le impondr\u00e1 una multa equivalente a los 10 mil 374 pesos.<\/p>\n<p class=\"default__StyledText-kkhi2r-0 cGAawy body-paragraph\">En otras ocasiones, G\u00e1lvez ha se\u00f1alado al\u00a0presidente L\u00f3pez Obrador\u00a0por la manera en la que habla de ella.<\/p>\n<article class=\"container-fluid inline-promo border border_solid border_top color_black_1\">\n<div class=\"inline-promo-wrapper inline-promo-image\">\n<p class=\"default__StyledText-kkhi2r-0 cGAawy body-paragraph\">El 11 de julio, la senadora present\u00f3 una denuncia formal en contra del Presidente ante el\u00a0Instituto Nacional Electoral (INE).<\/p>\n<p class=\"default__StyledText-kkhi2r-0 cGAawy body-paragraph\">A trav\u00e9s de redes sociales, la aspirante sostuvo que \u201cuna cosa es aguantar los chismes del Presidente todas las ma\u00f1anas\u2026 y otra muy distinta es tolerar la ilegalidad\u201d.<\/p>\n<h2 class=\"heading__StyledHeading-sc-1yxtfv0-0 dQdSuo\">AMLO y las primeras consecuencias de la demanda de X\u00f3chitl G\u00e1lvez<\/h2>\n<p class=\"default__StyledText-kkhi2r-0 cGAawy body-paragraph\">Por ello, tom\u00f3 la decisi\u00f3n de denunciar a\u00a0<b>L\u00f3pez Obrador<\/b>\u00a0ante la autoridad electoral por\u00a0<b>violencia pol\u00edtica de g\u00e9nero y uso indebido de recursos p\u00fablicos.<\/b><\/p>\n<p class=\"default__StyledText-kkhi2r-0 cGAawy body-paragraph\">Despu\u00e9s de este reclamo, la\u00a0<b>Comisi\u00f3n de Quejas y Denuncias del INE<\/b>\u00a0orden\u00f3 a la Presidencia de la Rep\u00fablica retirar cuatro de sus conferencias ma\u00f1aneras en las que mencionaba a la senadora.Adem\u00e1s, el instituto orden\u00f3 a funcionarios del gobierno que retiraran mensajes y que se abstengan de<b>\u00a0emitir nuevas publicaciones<\/b>\u00a0que incluyan\u00a0violencia de g\u00e9nero.<\/p>\n<p class=\"default__StyledText-kkhi2r-0 cGAawy body-paragraph\">Uno de los roces que han tenido se dio cuando L\u00f3pez Obrador public\u00f3\u00a0los acuerdos que han tenido las empresas de la senadora\u00a0con el gobierno.<\/p>\n<p class=\"default__StyledText-kkhi2r-0 cGAawy body-paragraph\">A trav\u00e9s de redes sociales, el Presidente denunci\u00f3 el pasado 14 de julio que \u201cesta es la informaci\u00f3n que recib\u00ed sobre contratos de\u00a0X\u00f3chitl G\u00e1lvez\u00a0por alrededor de\u00a0<b>mil 400 millones de pesos\u00a0<\/b>en nueve a\u00f1os\u201d.<\/p>\n<p class=\"default__StyledText-kkhi2r-0 cGAawy body-paragraph\">En respuesta, la panista present\u00f3 una denuncia ante la<b>\u00a0Fiscal\u00eda General de la Rep\u00fablica<\/b>\u00a0contra el mandatario por haber revelado informaci\u00f3n fiscal y bancaria de su empresa.<\/p>\n<p class=\"default__StyledText-kkhi2r-0 cGAawy body-paragraph\">\u201cLa denuncia es por haber hecho p\u00fablico violaciones al c\u00f3digo fiscal que proh\u00edbe que una autoridad revele. Dio a conocer informaci\u00f3n fiscal confidencial que no pod\u00edan revelar, pod\u00edan auditarme si quer\u00edan, pero no hacerlo p\u00fablico\u201d, explic\u00f3 al anunciar la demanda.<\/p>\n<\/div>\n<\/article>\n<\/div>\n<\/div>\n<\/div>\n<div class=\"row\">\n<div class=\"col-sm-md-12 col-lg-xl-8 left-article-section ie-flex-100-percent-sm layout-section\"><\/div>\n<\/div>\n","protected":false},"excerpt":{"rendered":"<p>El juez Mart\u00edn Adolfo Santos dio un plazo de 48 horas para que el presidente L\u00f3pez Obrador brinde un informe sobre sus comentarios hacia la senadora del PAN. Un juez federal\u00a0le otorg\u00f3 una suspensi\u00f3n provisional a\u00a0X\u00f3chitl G\u00e1lvez contra los comentarios\u00a0y se\u00f1alamientos hechos por\u00a0el presidente Andr\u00e9s Manuel L\u00f3pez Obrador. La senadora panista y aspirante a candidata [&hellip;]<\/p>\n","protected":false},"author":1,"featured_media":28310,"comment_status":"open","ping_status":"closed","sticky":false,"template":"","format":"standard","meta":{"footnotes":""},"categories":[2],"tags":[],"class_list":["post-28308","post","type-post","status-publish","format-standard","has-post-thumbnail","hentry","category-nacional"],"_links":{"self":[{"href":"https:\/\/solidaridadnews.com\/index.php?rest_route=\/wp\/v2\/posts\/28308","targetHints":{"allow":["GET"]}}],"collection":[{"href":"https:\/\/solidaridadnews.com\/index.php?rest_route=\/wp\/v2\/posts"}],"about":[{"href":"https:\/\/solidaridadnews.com\/index.php?rest_route=\/wp\/v2\/types\/post"}],"author":[{"embeddable":true,"href":"https:\/\/solidaridadnews.com\/index.php?rest_route=\/wp\/v2\/users\/1"}],"replies":[{"embeddable":true,"href":"https:\/\/solidaridadnews.com\/index.php?rest_route=%2Fwp%2Fv2%2Fcomments&post=28308"}],"version-history":[{"count":1,"href":"https:\/\/solidaridadnews.com\/index.php?rest_route=\/wp\/v2\/posts\/28308\/revisions"}],"predecessor-version":[{"id":28309,"href":"https:\/\/solidaridadnews.com\/index.php?rest_route=\/wp\/v2\/posts\/28308\/revisions\/28309"}],"wp:featuredmedia":[{"embeddable":true,"href":"https:\/\/solidaridadnews.com\/index.php?rest_route=\/wp\/v2\/media\/28310"}],"wp:attachment":[{"href":"https:\/\/solidaridadnews.com\/index.php?rest_route=%2Fwp%2Fv2%2Fmedia&parent=28308"}],"wp:term":[{"taxonomy":"category","embeddable":true,"href":"https:\/\/solidaridadnews.com\/index.php?rest_route=%2Fwp%2Fv2%2Fcategories&post=28308"},{"taxonomy":"post_tag","embeddable":true,"href":"https:\/\/solidaridadnews.com\/index.php?rest_route=%2Fwp%2Fv2%2Ftags&post=28308"}],"curies":[{"name":"wp","href":"https:\/\/api.w.org\/{rel}","templated":true}]}}