{"id":28272,"date":"2023-08-05T10:54:58","date_gmt":"2023-08-05T15:54:58","guid":{"rendered":"https:\/\/solidaridadnews.com\/?p=28272"},"modified":"2023-08-05T15:54:59","modified_gmt":"2023-08-05T15:54:59","slug":"en-playa-del-carmen-van-mil-400-mototaxis-censados-y-con-engomado","status":"publish","type":"post","link":"https:\/\/solidaridadnews.com\/?p=28272","title":{"rendered":"En Playa del Carmen van mil 400 mototaxis censados y con engomado"},"content":{"rendered":"<p>Van mil 400 mototaxis censados hasta el momento en Playa del Carmen, podr\u00edan ser mil 800, as\u00ed lo dijo el delegado del Imoveqroo, David Cosgaya Mena, explic\u00f3 que iniciaron con el censo y engomado desde hace aproximadamente un mes, para evitar el crecimiento desmedido y que se conviertan en un c\u00e1ncer para la ciudad, en ese sentido mencion\u00f3 que est\u00e1n sancionando diario a alrededor de 10 a 12 operadores por salirse de sus pol\u00edgonos.<\/p>\n","protected":false},"excerpt":{"rendered":"<p>Van mil 400 mototaxis censados hasta el momento en Playa del Carmen, podr\u00edan ser mil 800, as\u00ed lo dijo el delegado del Imoveqroo, David Cosgaya Mena, explic\u00f3 que iniciaron con el censo y engomado desde hace aproximadamente un mes, para evitar el crecimiento desmedido y que se conviertan en un c\u00e1ncer para la ciudad, en [&hellip;]<\/p>\n","protected":false},"author":1,"featured_media":28274,"comment_status":"open","ping_status":"closed","sticky":false,"template":"","format":"standard","meta":{"footnotes":""},"categories":[4],"tags":[],"class_list":["post-28272","post","type-post","status-publish","format-standard","has-post-thumbnail","hentry","category-local"],"_links":{"self":[{"href":"https:\/\/solidaridadnews.com\/index.php?rest_route=\/wp\/v2\/posts\/28272","targetHints":{"allow":["GET"]}}],"collection":[{"href":"https:\/\/solidaridadnews.com\/index.php?rest_route=\/wp\/v2\/posts"}],"about":[{"href":"https:\/\/solidaridadnews.com\/index.php?rest_route=\/wp\/v2\/types\/post"}],"author":[{"embeddable":true,"href":"https:\/\/solidaridadnews.com\/index.php?rest_route=\/wp\/v2\/users\/1"}],"replies":[{"embeddable":true,"href":"https:\/\/solidaridadnews.com\/index.php?rest_route=%2Fwp%2Fv2%2Fcomments&post=28272"}],"version-history":[{"count":1,"href":"https:\/\/solidaridadnews.com\/index.php?rest_route=\/wp\/v2\/posts\/28272\/revisions"}],"predecessor-version":[{"id":28273,"href":"https:\/\/solidaridadnews.com\/index.php?rest_route=\/wp\/v2\/posts\/28272\/revisions\/28273"}],"wp:featuredmedia":[{"embeddable":true,"href":"https:\/\/solidaridadnews.com\/index.php?rest_route=\/wp\/v2\/media\/28274"}],"wp:attachment":[{"href":"https:\/\/solidaridadnews.com\/index.php?rest_route=%2Fwp%2Fv2%2Fmedia&parent=28272"}],"wp:term":[{"taxonomy":"category","embeddable":true,"href":"https:\/\/solidaridadnews.com\/index.php?rest_route=%2Fwp%2Fv2%2Fcategories&post=28272"},{"taxonomy":"post_tag","embeddable":true,"href":"https:\/\/solidaridadnews.com\/index.php?rest_route=%2Fwp%2Fv2%2Ftags&post=28272"}],"curies":[{"name":"wp","href":"https:\/\/api.w.org\/{rel}","templated":true}]}}