{"id":28236,"date":"2023-08-04T15:36:16","date_gmt":"2023-08-04T20:36:16","guid":{"rendered":"https:\/\/solidaridadnews.com\/?p=28236"},"modified":"2023-08-04T20:36:17","modified_gmt":"2023-08-04T20:36:17","slug":"pretenden-arborizar-estacionamientos-en-playa-del-carmen","status":"publish","type":"post","link":"https:\/\/solidaridadnews.com\/?p=28236","title":{"rendered":"Pretenden arborizar estacionamientos en Playa del Carmen"},"content":{"rendered":"<ul>\n<li><strong><em>Asociaciones, organizaciones civiles y autoridades municipales y estatales acordaron implementar el proyecto denominado \u201cEstacionamientos naturales\u201d.<\/em><\/strong><\/li>\n<\/ul>\n<p class=\"wp-block-heading\"><span style=\"font-size: 13.28px;\">A<\/span><span style=\"font-size: 16px;\">sociaciones, organizaciones civiles y autoridades municipales y estatales acordaron implementar el proyecto denominado \u201cEstacionamientos naturales\u201d, mediante el cual se pretende arborizar estos lugares, principalmente las plazas comerciales del municipio de Solidaridad.<\/span><\/p>\n<p>As\u00ed lo inform\u00f3 Lenin Amaro Betancourt, presidente de la Comisi\u00f3n de Turismo y coordinador del Sureste de la Asociaci\u00f3n de Consejos Empresariales Regionales (Ancer), tras una reuni\u00f3n con autoridades de Ecolog\u00eda y Medio Ambiente tanto del estado, como municipal y diferentes organizaciones no gubernamentales.<\/p>\n<p>En el encuentro se expuso que mediante este proyecto de \u201cEstacionamientos naturales\u201d, lo que se quiere es que las plazas comerciales tengan los \u00e1rboles de aquellos predios que ser\u00e1n impactados o de los donados por empresas desarrolladoras en coordinaci\u00f3n con los tres niveles de gobierno.<\/p>\n<p>\u201cActualmente los estacionamientos sin \u00e1rboles, particularmente de las plazas comerciales, son grandes provocadores del aumento de la temperatura de nuestra ciudad, adem\u00e1s se carece de una falta de paisaje, pocas \u00e1reas permeables\u201d.<\/p>\n<p>Por ello, ya tienen previsto un centro comercial donde estar\u00edan colocando 39 \u00e1rboles en alrededor de 6 mil 500 metros cuadrados y la fecha para arrancar depender\u00e1 del acuerdo al que lleguen en la siguiente reuni\u00f3n, pero esperan que sea a la brevedad.<\/p>\n<p>Con este programa se pretende el mejoramiento del ecosistema urbano espec\u00edficamente en estacionamientos de plazas comerciales a trav\u00e9s de la arborizaci\u00f3n con \u00e1rboles de talla alta, es decir, entre 5 y 8 metros de altura, aptos para su reubicaci\u00f3n, previo dictamen t\u00e9cnico.<\/p>\n<p>Por ello, manifest\u00f3 que otra de las finalidades de este esquema es rescatar aquellos \u00e1rboles de predios que ser\u00e1n impactados, generar un microclima y permitir la permeabilidad del agua al manto fre\u00e1tico, adem\u00e1s de conseguir un h\u00e1bitat y alimento para la fauna.<\/p>\n<p>As\u00ed como plantar especies de la regi\u00f3n, tambi\u00e9n buscan ser parte del Museo Vivo de \u00c1rboles Nativos \u201cRa\u00edz Nativa\u201d que, entre sus objetivos, est\u00e1 crear un corredor tur\u00edstico en torno a los \u00e1rboles y crear conciencia sobre la importancia y valor ambiental, social, cultural y econ\u00f3mico.<\/p>\n","protected":false},"excerpt":{"rendered":"<p>Asociaciones, organizaciones civiles y autoridades municipales y estatales acordaron implementar el proyecto denominado \u201cEstacionamientos naturales\u201d. Asociaciones, organizaciones civiles y autoridades municipales y estatales acordaron implementar el proyecto denominado \u201cEstacionamientos naturales\u201d, mediante el cual se pretende arborizar estos lugares, principalmente las plazas comerciales del municipio de Solidaridad. As\u00ed lo inform\u00f3 Lenin Amaro Betancourt, presidente de la [&hellip;]<\/p>\n","protected":false},"author":1,"featured_media":28238,"comment_status":"open","ping_status":"closed","sticky":false,"template":"","format":"standard","meta":{"footnotes":""},"categories":[4],"tags":[],"class_list":["post-28236","post","type-post","status-publish","format-standard","has-post-thumbnail","hentry","category-local"],"_links":{"self":[{"href":"https:\/\/solidaridadnews.com\/index.php?rest_route=\/wp\/v2\/posts\/28236","targetHints":{"allow":["GET"]}}],"collection":[{"href":"https:\/\/solidaridadnews.com\/index.php?rest_route=\/wp\/v2\/posts"}],"about":[{"href":"https:\/\/solidaridadnews.com\/index.php?rest_route=\/wp\/v2\/types\/post"}],"author":[{"embeddable":true,"href":"https:\/\/solidaridadnews.com\/index.php?rest_route=\/wp\/v2\/users\/1"}],"replies":[{"embeddable":true,"href":"https:\/\/solidaridadnews.com\/index.php?rest_route=%2Fwp%2Fv2%2Fcomments&post=28236"}],"version-history":[{"count":1,"href":"https:\/\/solidaridadnews.com\/index.php?rest_route=\/wp\/v2\/posts\/28236\/revisions"}],"predecessor-version":[{"id":28237,"href":"https:\/\/solidaridadnews.com\/index.php?rest_route=\/wp\/v2\/posts\/28236\/revisions\/28237"}],"wp:featuredmedia":[{"embeddable":true,"href":"https:\/\/solidaridadnews.com\/index.php?rest_route=\/wp\/v2\/media\/28238"}],"wp:attachment":[{"href":"https:\/\/solidaridadnews.com\/index.php?rest_route=%2Fwp%2Fv2%2Fmedia&parent=28236"}],"wp:term":[{"taxonomy":"category","embeddable":true,"href":"https:\/\/solidaridadnews.com\/index.php?rest_route=%2Fwp%2Fv2%2Fcategories&post=28236"},{"taxonomy":"post_tag","embeddable":true,"href":"https:\/\/solidaridadnews.com\/index.php?rest_route=%2Fwp%2Fv2%2Ftags&post=28236"}],"curies":[{"name":"wp","href":"https:\/\/api.w.org\/{rel}","templated":true}]}}