{"id":28212,"date":"2023-08-03T14:58:48","date_gmt":"2023-08-03T19:58:48","guid":{"rendered":"https:\/\/solidaridadnews.com\/?p=28212"},"modified":"2023-08-03T19:58:49","modified_gmt":"2023-08-03T19:58:49","slug":"restauranteros-de-playa-del-carmen-registran-ventas-al-65","status":"publish","type":"post","link":"https:\/\/solidaridadnews.com\/?p=28212","title":{"rendered":"Restauranteros de Playa del Carmen registran ventas al 65%"},"content":{"rendered":"<p class=\"ql-align-justify\">Los restauranteros se encuentran entre el 60 al 65 por ciento hasta el \u00faltimo fin de semana, as\u00ed lo dio a conocer el presidente de la Canirac Playa del Carmen Riviera Maya, Gerardo Valadez Victorio.<\/p>\n<p class=\"ql-align-justify\">Indic\u00f3 que a\u00fan es muy pronto para poder hablar de los n\u00fameros de la temporada, pues esta ha sido muy cambiante adem\u00e1s de ser la pr\u00e1cticamente la primera postpandemia, los restauranteros est\u00e1n manejando paquetes y especiales para atraer a los comensales, a lo anterior a\u00f1adi\u00f3 que el mercado del turismo colombiano ha crecido, sin embargo, contin\u00faan llegando muchas familias tanto nacionales, estadounidenses y europeas.<\/p>\n","protected":false},"excerpt":{"rendered":"<p>Los restauranteros se encuentran entre el 60 al 65 por ciento hasta el \u00faltimo fin de semana, as\u00ed lo dio a conocer el presidente de la Canirac Playa del Carmen Riviera Maya, Gerardo Valadez Victorio. Indic\u00f3 que a\u00fan es muy pronto para poder hablar de los n\u00fameros de la temporada, pues esta ha sido muy [&hellip;]<\/p>\n","protected":false},"author":1,"featured_media":28214,"comment_status":"open","ping_status":"closed","sticky":false,"template":"","format":"standard","meta":{"footnotes":""},"categories":[4],"tags":[],"class_list":["post-28212","post","type-post","status-publish","format-standard","has-post-thumbnail","hentry","category-local"],"_links":{"self":[{"href":"https:\/\/solidaridadnews.com\/index.php?rest_route=\/wp\/v2\/posts\/28212","targetHints":{"allow":["GET"]}}],"collection":[{"href":"https:\/\/solidaridadnews.com\/index.php?rest_route=\/wp\/v2\/posts"}],"about":[{"href":"https:\/\/solidaridadnews.com\/index.php?rest_route=\/wp\/v2\/types\/post"}],"author":[{"embeddable":true,"href":"https:\/\/solidaridadnews.com\/index.php?rest_route=\/wp\/v2\/users\/1"}],"replies":[{"embeddable":true,"href":"https:\/\/solidaridadnews.com\/index.php?rest_route=%2Fwp%2Fv2%2Fcomments&post=28212"}],"version-history":[{"count":1,"href":"https:\/\/solidaridadnews.com\/index.php?rest_route=\/wp\/v2\/posts\/28212\/revisions"}],"predecessor-version":[{"id":28213,"href":"https:\/\/solidaridadnews.com\/index.php?rest_route=\/wp\/v2\/posts\/28212\/revisions\/28213"}],"wp:featuredmedia":[{"embeddable":true,"href":"https:\/\/solidaridadnews.com\/index.php?rest_route=\/wp\/v2\/media\/28214"}],"wp:attachment":[{"href":"https:\/\/solidaridadnews.com\/index.php?rest_route=%2Fwp%2Fv2%2Fmedia&parent=28212"}],"wp:term":[{"taxonomy":"category","embeddable":true,"href":"https:\/\/solidaridadnews.com\/index.php?rest_route=%2Fwp%2Fv2%2Fcategories&post=28212"},{"taxonomy":"post_tag","embeddable":true,"href":"https:\/\/solidaridadnews.com\/index.php?rest_route=%2Fwp%2Fv2%2Ftags&post=28212"}],"curies":[{"name":"wp","href":"https:\/\/api.w.org\/{rel}","templated":true}]}}