{"id":28185,"date":"2023-08-02T08:03:13","date_gmt":"2023-08-02T13:03:13","guid":{"rendered":"https:\/\/solidaridadnews.com\/?p=28185"},"modified":"2023-08-02T13:03:14","modified_gmt":"2023-08-02T13:03:14","slug":"playa-del-carmen-recibira-a-los-100-imperdibles-de-mexico","status":"publish","type":"post","link":"https:\/\/solidaridadnews.com\/?p=28185","title":{"rendered":"Playa del Carmen recibir\u00e1 a los 100 imperdibles de M\u00e9xico"},"content":{"rendered":"<p>La novena edici\u00f3n del certamen nacional \u00ab100 Imperdibles de M\u00e9xico\u00bb est\u00e1 a punto de llegar a su cl\u00edmax, y este a\u00f1o, la entrega de los reconocimientos se llevar\u00e1 a cabo en la hermosa ciudad de Playa del Carmen, Quintana Roo.<\/p>\n<div class=\"code-block code-block-7\"><\/div>\n<p>El certamen 100 Imperdibles de M\u00e9xico es mucho m\u00e1s que un simple reconocimiento; es una plataforma para resaltar la calidad y el compromiso de los establecimientos y experiencias tur\u00edsticas en todo el pa\u00eds. Adem\u00e1s, busca promover la excelencia en el servicio y la competitividad de la industria tur\u00edstica<\/p>\n<p>En esta ocasi\u00f3n, la Secretar\u00eda de Turismo de Quintana Roo y el Consejo de Promoci\u00f3n Tur\u00edstica tendr\u00e1n un papel especial en la premiaci\u00f3n, ya que ser\u00e1n reconocidos como Destino Imperdible de M\u00e9xico. Este reconocimiento es un testimonio del inigualable atractivo de la Riviera Maya, su riqueza natural y cultural, que la han convertido en un referente tur\u00edstico a nivel nacional e internacional.<\/p>\n<div class=\"td-a-rec td-a-rec-id-content_inline  tdi_10 td_block_template_1\"><\/div>\n<p>El prestigioso evento se llevar\u00e1 a cabo el pr\u00f3ximo 13 de octubre en Playa del Carmen. Durante la gala de premiaci\u00f3n, se entregar\u00e1n los reconocimientos en tres categor\u00edas principales: atracciones, hoteles y gastronom\u00eda. Los ganadores no solo recibir\u00e1n el reconocimiento galardonado, sino que tambi\u00e9n tendr\u00e1n la oportunidad de ser promocionados en las plataformas de \u00ab100 Imperdibles de M\u00e9xico\u00bb y contar\u00e1n con una campa\u00f1a anual junto a medios aliados.<\/p>\n<p>Quintana Roo se prepara para recibir a los nominados, turistas y amantes del turismo para vivir una experiencia \u00fanica y memorable en la novena edici\u00f3n de \u00ab100 Imperdibles de M\u00e9xico\u00bb. Ser\u00e1 una noche llena de reconocimientos, sorpresas y celebraci\u00f3n, en la que se aplaudir\u00e1 el arduo esfuerzo de quienes hacen posible la riqueza y diversidad de la oferta tur\u00edstica mexicana.<\/p>\n<p>La comunidad de la Gu\u00eda Nacional de Turismo, los millones de viajeros y todos aquellos que consideran a M\u00e9xico como su pr\u00f3ximo destino, est\u00e1n ansiosos por conocer a los galardonados y descubrir lo mejor que el pa\u00eds tiene para ofrecer. Esta premiaci\u00f3n es un homenaje a quienes trabajan arduamente para mantener vivo el turismo mexicano y merecen ser reconocidos por su dedicaci\u00f3n y valioso aporte a la industria.<\/p>\n","protected":false},"excerpt":{"rendered":"<p>La novena edici\u00f3n del certamen nacional \u00ab100 Imperdibles de M\u00e9xico\u00bb est\u00e1 a punto de llegar a su cl\u00edmax, y este a\u00f1o, la entrega de los reconocimientos se llevar\u00e1 a cabo en la hermosa ciudad de Playa del Carmen, Quintana Roo. El certamen 100 Imperdibles de M\u00e9xico es mucho m\u00e1s que un simple reconocimiento; es una [&hellip;]<\/p>\n","protected":false},"author":1,"featured_media":28187,"comment_status":"open","ping_status":"closed","sticky":false,"template":"","format":"standard","meta":{"footnotes":""},"categories":[4],"tags":[],"class_list":["post-28185","post","type-post","status-publish","format-standard","has-post-thumbnail","hentry","category-local"],"_links":{"self":[{"href":"https:\/\/solidaridadnews.com\/index.php?rest_route=\/wp\/v2\/posts\/28185","targetHints":{"allow":["GET"]}}],"collection":[{"href":"https:\/\/solidaridadnews.com\/index.php?rest_route=\/wp\/v2\/posts"}],"about":[{"href":"https:\/\/solidaridadnews.com\/index.php?rest_route=\/wp\/v2\/types\/post"}],"author":[{"embeddable":true,"href":"https:\/\/solidaridadnews.com\/index.php?rest_route=\/wp\/v2\/users\/1"}],"replies":[{"embeddable":true,"href":"https:\/\/solidaridadnews.com\/index.php?rest_route=%2Fwp%2Fv2%2Fcomments&post=28185"}],"version-history":[{"count":1,"href":"https:\/\/solidaridadnews.com\/index.php?rest_route=\/wp\/v2\/posts\/28185\/revisions"}],"predecessor-version":[{"id":28186,"href":"https:\/\/solidaridadnews.com\/index.php?rest_route=\/wp\/v2\/posts\/28185\/revisions\/28186"}],"wp:featuredmedia":[{"embeddable":true,"href":"https:\/\/solidaridadnews.com\/index.php?rest_route=\/wp\/v2\/media\/28187"}],"wp:attachment":[{"href":"https:\/\/solidaridadnews.com\/index.php?rest_route=%2Fwp%2Fv2%2Fmedia&parent=28185"}],"wp:term":[{"taxonomy":"category","embeddable":true,"href":"https:\/\/solidaridadnews.com\/index.php?rest_route=%2Fwp%2Fv2%2Fcategories&post=28185"},{"taxonomy":"post_tag","embeddable":true,"href":"https:\/\/solidaridadnews.com\/index.php?rest_route=%2Fwp%2Fv2%2Ftags&post=28185"}],"curies":[{"name":"wp","href":"https:\/\/api.w.org\/{rel}","templated":true}]}}