{"id":28182,"date":"2023-08-02T07:46:44","date_gmt":"2023-08-02T12:46:44","guid":{"rendered":"https:\/\/solidaridadnews.com\/?p=28182"},"modified":"2023-08-02T12:46:45","modified_gmt":"2023-08-02T12:46:45","slug":"invitan-a-formar-parte-de-hecho-en-playa-del-carmen","status":"publish","type":"post","link":"https:\/\/solidaridadnews.com\/?p=28182","title":{"rendered":"Invitan a formar parte de \u00abHecho en Playa del Carmen\u00bb"},"content":{"rendered":"<h4 style=\"text-align: center;\">\u2022 Se emiti\u00f3 la convocatoria para personas f\u00edsicas o morales puedan usar la marca que certifica productos aut\u00e9nticos y de calidad, a fin de tener mejores ingresos<\/h4>\n<p>Con la finalidad de reconocer en una sola marca el trabajo que realizan productores, emprendedores, artesanos y empresarios, al crear art\u00edculos de calidad, el gobierno municipal que preside Lili Campos invita a personas f\u00edsicas y morales a formar parte de \u00abHecho en Playa del Carmen\u00bb, para lo cual emiti\u00f3 la convocatoria correspondiente.<\/p>\n<div>\n<div class=\"penci-custom-html-inside-content\"><\/div>\n<\/div>\n<p>El secretario de Desarrollo Econ\u00f3mico y de Atracci\u00f3n de Inversiones, Ra\u00fal Aguilar, inform\u00f3 que la convocatoria ya fue emitida con informaci\u00f3n para que cualquier persona f\u00edsica o moral interesada en hacer uso de la marca \u201cHecho en Playa del Carmen\u201d solicite su registro y de esta forma promocionar sus art\u00edculos dando mayor identidad a lo producido en este municipio, tal como lo hacen decenas de personas.<\/p>\n<p>Destac\u00f3 que entre los requisitos esta que todos los productos deben pertenecer a las categor\u00edas de marcas registradas en \u00abHecho en Playa del Carmen\u00bb. Adem\u00e1s, quienes se registren deber\u00e1n cubrir la tarifa establecida por el Instituto Mexicano de la Propiedad Intelectual.<\/p>\n<p>Para mayor informaci\u00f3n, en las oficinas de la secretar\u00eda ubicadas en el nuevo palacio municipal o al n\u00famero telef\u00f3nico 877- 3050, extensi\u00f3n 100, 55, en horario de 10 a 14 horas, de lunes a viernes.<\/p>\n","protected":false},"excerpt":{"rendered":"<p>\u2022 Se emiti\u00f3 la convocatoria para personas f\u00edsicas o morales puedan usar la marca que certifica productos aut\u00e9nticos y de calidad, a fin de tener mejores ingresos Con la finalidad de reconocer en una sola marca el trabajo que realizan productores, emprendedores, artesanos y empresarios, al crear art\u00edculos de calidad, el gobierno municipal que preside [&hellip;]<\/p>\n","protected":false},"author":1,"featured_media":28184,"comment_status":"open","ping_status":"closed","sticky":false,"template":"","format":"standard","meta":{"footnotes":""},"categories":[4],"tags":[],"class_list":["post-28182","post","type-post","status-publish","format-standard","has-post-thumbnail","hentry","category-local"],"_links":{"self":[{"href":"https:\/\/solidaridadnews.com\/index.php?rest_route=\/wp\/v2\/posts\/28182","targetHints":{"allow":["GET"]}}],"collection":[{"href":"https:\/\/solidaridadnews.com\/index.php?rest_route=\/wp\/v2\/posts"}],"about":[{"href":"https:\/\/solidaridadnews.com\/index.php?rest_route=\/wp\/v2\/types\/post"}],"author":[{"embeddable":true,"href":"https:\/\/solidaridadnews.com\/index.php?rest_route=\/wp\/v2\/users\/1"}],"replies":[{"embeddable":true,"href":"https:\/\/solidaridadnews.com\/index.php?rest_route=%2Fwp%2Fv2%2Fcomments&post=28182"}],"version-history":[{"count":1,"href":"https:\/\/solidaridadnews.com\/index.php?rest_route=\/wp\/v2\/posts\/28182\/revisions"}],"predecessor-version":[{"id":28183,"href":"https:\/\/solidaridadnews.com\/index.php?rest_route=\/wp\/v2\/posts\/28182\/revisions\/28183"}],"wp:featuredmedia":[{"embeddable":true,"href":"https:\/\/solidaridadnews.com\/index.php?rest_route=\/wp\/v2\/media\/28184"}],"wp:attachment":[{"href":"https:\/\/solidaridadnews.com\/index.php?rest_route=%2Fwp%2Fv2%2Fmedia&parent=28182"}],"wp:term":[{"taxonomy":"category","embeddable":true,"href":"https:\/\/solidaridadnews.com\/index.php?rest_route=%2Fwp%2Fv2%2Fcategories&post=28182"},{"taxonomy":"post_tag","embeddable":true,"href":"https:\/\/solidaridadnews.com\/index.php?rest_route=%2Fwp%2Fv2%2Ftags&post=28182"}],"curies":[{"name":"wp","href":"https:\/\/api.w.org\/{rel}","templated":true}]}}