{"id":28070,"date":"2023-07-29T09:10:31","date_gmt":"2023-07-29T14:10:31","guid":{"rendered":"https:\/\/solidaridadnews.com\/?p=28070"},"modified":"2023-07-29T14:10:32","modified_gmt":"2023-07-29T14:10:32","slug":"solidaridad-cumple-30-anos-de-exito-lili-campos","status":"publish","type":"post","link":"https:\/\/solidaridadnews.com\/?p=28070","title":{"rendered":"\u2018Solidaridad, cumple 30 a\u00f1os de \u00e9xito\u2019, Lili Campos"},"content":{"rendered":"<div>\n<div class=\"row m-b-15\">\n<div class=\"col-xs-12 col-sm-12 col-md-12 col-lg-12\">\n<h4 class=\"introduction\" style=\"text-align: center;\">A 30 a\u00f1os de la creaci\u00f3n del municipio, la edil destac\u00f3 el crecimiento tur\u00edstico, la cual se ha posicionado entre los principales destinos favoritos del mundo.<\/h4>\n<\/div>\n<\/div>\n<\/div>\n<div class=\"row m-b-25\">\n<div class=\"col-xs-12 col-sm-12 col-md-12 col-lg-12 info-extra-new\">\n<p><strong>Solidaridad cumpli\u00f3 este 28 de julio 30 a\u00f1os<\/strong>\u00a0de su creaci\u00f3n como octavo municipio de Quintana Roo.<\/p>\n<p>A tres d\u00e9cadas se ha consolidado en un ejemplo de superaci\u00f3n, de lucha diaria, \u00e9xito tur\u00edstico e integraci\u00f3n social, afirm\u00f3 la presidenta municipal,\u00a0<strong>Lili Campos Miranda<\/strong>, al encabezar los festejos.<\/p>\n<p>El mal tiempo, que trajo consigo lluvias en gran parte de Quintana Roo, no fue obst\u00e1culo para la conmemoraci\u00f3n del d\u00eda en que entr\u00f3 en vigor del decreto de 1993 que dio vida, a uno de los principales destinos tur\u00edsticos m\u00e1s exitosos de M\u00e9xico y el Mundo.<\/p>\n<p><cite><em>\u201cEl proceso no ha sido f\u00e1cil, durante d\u00e9cadas hemos sido el municipio con mayor crecimiento en Latinoam\u00e9rica, y hemos logrado salir adelante y ser la puerta al mundo. Somos un \u00edcono mundial del turismo\u201d<\/em><\/cite>, resalt\u00f3 Campos Miranda al encabezar la sesi\u00f3n solemne ante la gobernadora Mara Lezama y representantes de los poderes Legislativo y Judicial, y miles de ciudadanos que se dieron cita.<\/p>\n<p>El reconocimiento fue para los fundadores de aquel pueblo pesquero a la orilla del mar Caribe, que pas\u00f3 de 10 mil 500 habitantes en 1992 a una poblaci\u00f3n actual de 333 mil 800 personas, seg\u00fan los m\u00e1s recientes datos oficiales.<\/p>\n<blockquote>\n<div id=\"div-gpt-ad-inread-2-64c517f351bb7e0014f97a33\" data-name=\"inread\" data-size=\"[[336,250], [300,250]]\" data-google-query-id=\"CInTnOOLtIADFTGklQIdTaAI8A\">\n<div id=\"google_ads_iframe_\/4334274\/inread_1__container__\"><\/div>\n<\/div>\n<p><cite><em>\u201cHoy solidaridad es mucho m\u00e1s que el octavo municipio. Representa los sue\u00f1os cumplidos de muchos pioneros y pioneras que apostaron por este rinc\u00f3n. Mi reconocimiento a los fundadores y a cada ciudadano solidaridense, por potenciar este destino l\u00edder de M\u00e9xico y el mundo<\/em>\u201d<\/cite>.<\/p><\/blockquote>\n<p>Dijo que los 30 a\u00f1os no han sido f\u00e1ciles, porque el vertiginoso crecimiento fue con desorden que trajo consigo problemas de infraestructura, sociales y ambientales, para lo cual ya se est\u00e1 poniendo orden para seguir crecimiento y generando oportunidades y mejores ser vicios, tranquilidad, seguridad y mejor calidad de vida. Para ello se trabaja de la mano con la<strong>\u00a0primera mujer gobernadora, Mara Lezama<\/strong>, a quien agradeci\u00f3 todo el apoyo para Solidaridad.<\/p>\n<p>En su intervenci\u00f3n, Mara Lezama propuso trabajar juntas y juntos por Solidaridad, por el\u00a0<strong>bienestar de las y los ciudadanos de Solidaridad y en general de Quintana Roo<\/strong>, que exige pol\u00edticos de altura.<\/p>\n<blockquote>\n<div id=\"div-gpt-ad-inread-3-64c517f351bb7e0014f97a33\" data-name=\"inread\" data-size=\"[[336,250], [300,250]]\" data-google-query-id=\"CIrTnOOLtIADFTGklQIdTaAI8A\">\n<div id=\"google_ads_iframe_\/4334274\/inread_2__container__\"><\/div>\n<\/div>\n<p><cite><em>\u201cDe parte de su gobernadora, tienen mi palabra de que estoy honrando todos esos atributos que se nos exigen&#8230; porque este gran municipio y su extraordinario pueblo se lo merecen. Les invito a que pongamos lo mejor de cada una y cada uno\u201d<\/em><\/cite>, destac\u00f3.<\/p><\/blockquote>\n<p>El\u00a0<strong>parque 28 de Julio de Playa del Carmen<\/strong>\u00a0fue el sitio de clausura de una serie de actividades que se organizaron durante todo el mes y que concluy\u00f3 con el concierto de dos grandes artistas: Emmanuel y Mijares, quienes deleitaron a los presentes con cada uno de sus \u00e9xitos.<\/p>\n<\/div>\n<\/div>\n","protected":false},"excerpt":{"rendered":"<p>A 30 a\u00f1os de la creaci\u00f3n del municipio, la edil destac\u00f3 el crecimiento tur\u00edstico, la cual se ha posicionado entre los principales destinos favoritos del mundo. Solidaridad cumpli\u00f3 este 28 de julio 30 a\u00f1os\u00a0de su creaci\u00f3n como octavo municipio de Quintana Roo. A tres d\u00e9cadas se ha consolidado en un ejemplo de superaci\u00f3n, de lucha [&hellip;]<\/p>\n","protected":false},"author":1,"featured_media":28072,"comment_status":"open","ping_status":"closed","sticky":false,"template":"","format":"standard","meta":{"footnotes":""},"categories":[4],"tags":[],"class_list":["post-28070","post","type-post","status-publish","format-standard","has-post-thumbnail","hentry","category-local"],"_links":{"self":[{"href":"https:\/\/solidaridadnews.com\/index.php?rest_route=\/wp\/v2\/posts\/28070","targetHints":{"allow":["GET"]}}],"collection":[{"href":"https:\/\/solidaridadnews.com\/index.php?rest_route=\/wp\/v2\/posts"}],"about":[{"href":"https:\/\/solidaridadnews.com\/index.php?rest_route=\/wp\/v2\/types\/post"}],"author":[{"embeddable":true,"href":"https:\/\/solidaridadnews.com\/index.php?rest_route=\/wp\/v2\/users\/1"}],"replies":[{"embeddable":true,"href":"https:\/\/solidaridadnews.com\/index.php?rest_route=%2Fwp%2Fv2%2Fcomments&post=28070"}],"version-history":[{"count":1,"href":"https:\/\/solidaridadnews.com\/index.php?rest_route=\/wp\/v2\/posts\/28070\/revisions"}],"predecessor-version":[{"id":28071,"href":"https:\/\/solidaridadnews.com\/index.php?rest_route=\/wp\/v2\/posts\/28070\/revisions\/28071"}],"wp:featuredmedia":[{"embeddable":true,"href":"https:\/\/solidaridadnews.com\/index.php?rest_route=\/wp\/v2\/media\/28072"}],"wp:attachment":[{"href":"https:\/\/solidaridadnews.com\/index.php?rest_route=%2Fwp%2Fv2%2Fmedia&parent=28070"}],"wp:term":[{"taxonomy":"category","embeddable":true,"href":"https:\/\/solidaridadnews.com\/index.php?rest_route=%2Fwp%2Fv2%2Fcategories&post=28070"},{"taxonomy":"post_tag","embeddable":true,"href":"https:\/\/solidaridadnews.com\/index.php?rest_route=%2Fwp%2Fv2%2Ftags&post=28070"}],"curies":[{"name":"wp","href":"https:\/\/api.w.org\/{rel}","templated":true}]}}