{"id":28043,"date":"2023-07-28T15:45:17","date_gmt":"2023-07-28T20:45:17","guid":{"rendered":"https:\/\/solidaridadnews.com\/?p=28043"},"modified":"2023-07-28T20:45:19","modified_gmt":"2023-07-28T20:45:19","slug":"anuncian-modificaciones-en-circulacion-vial-entre-playa-del-carmen-y-cancun-por-obras","status":"publish","type":"post","link":"https:\/\/solidaridadnews.com\/?p=28043","title":{"rendered":"Anuncian modificaciones en circulaci\u00f3n vial entre Playa del Carmen y Canc\u00fan por obras"},"content":{"rendered":"<div>\n<div class=\"row m-b-15\">\n<div class=\"col-xs-12 col-sm-12 col-md-12 col-lg-12\">\n<h4 class=\"introduction\" style=\"text-align: center;\">Hasta el momento se ha reportado un avance del 77% el distribuidor del aeropuerto.<\/h4>\n<\/div>\n<\/div>\n<\/div>\n<div class=\"row m-b-25\">\n<div class=\"col-xs-12 col-sm-12 col-md-12 col-lg-12 info-extra-new\">\n<p>Debido a las obras en el\u00a0<strong>\u00abTr\u00e9bol\u00bb del Aeropuerto Internacional de la ciudad<\/strong>, se anunciaron las modificaciones en el tr\u00e1nsito vial entre Playa del Carmen y Canc\u00fan, las cuales se prev\u00e9 que permanecer\u00e1n hasta el pr\u00f3ximo 3 de agosto del 2023.<\/p>\n<p>De acuerdo con la\u00a0<strong>Direcci\u00f3n de Tr\u00e1nsito del municipio de Benito Ju\u00e1rez<\/strong>, detall\u00f3 que desde ayer se cerr\u00f3 el tramo que sirve para la incorporaci\u00f3n a la\u00a0<strong>zona hotelera de Canc\u00fan\u00a0<\/strong>de los automovilistas provenientes de Playa del Carmen.<\/p>\n<p>Para evitar percances viales, la dependencia municipal despleg\u00f3 algunos elementos en la\u00a0<strong>zona con flujo vehicular lento<\/strong>, debido a las se\u00f1ales de desv\u00edo colocadas por los trabajadores.<\/p>\n<div id=\"div-gpt-ad-inread-64c32a4651bb7e0014f9798a\" data-name=\"inread\" data-size=\"[[336,250], [300,250]]\" data-google-query-id=\"CJjhnpGisoADFUrWhwodtTsNXw\">\n<div id=\"google_ads_iframe_\/4334274\/inread_0__container__\"><\/div>\n<\/div>\n<p>Por su parte, la\u00a0<strong>Secretar\u00eda de Infraestructura, Comunicaciones y Transportes<\/strong>\u00a0(SICT) inform\u00f3 que este cierre se dio, debido a trabajos de mantenimiento en la zona.<\/p>\n<p>La dependencia federal recomend\u00f3 a los automovilistas que vienen de Playa del Carmen y se dirijan hacia la zona hotelera de Canc\u00fan, deber\u00e1n incorporarse al\u00a0<strong>puente a trav\u00e9s de la gaza 15<\/strong>\u00a0(Playa del Carmen &#8211; Aeropuerto Internacional de Canc\u00fan),\u00a0<strong>bajar a la 307 por la gaza 25<\/strong>\u00a0(zona hotelera &#8211; Playa del Carmen) y\u00a0<strong>subir por la gaza 35<\/strong>\u00a0(Cancun &#8211; zona hotelera).<\/p>\n<p>Cabe recordar que las obras de demolici\u00f3n del antiguo puente conocido popularmente como \u201cEl tr\u00e9bol\u201d que une al boulevard Luis Donaldo Colosio con el Aeropuerto Internacional de Canc\u00fan comenzaron en junio pasado.<\/p>\n<p>Actualmente, la\u00a0<strong>SICT<\/strong>, dependencia que realiza las obras, report\u00f3 un avance del 77 por ciento en el distribuidor del aeropuerto, las cuales se complementan con otras obras tambi\u00e9n realizadas por el gobierno federal, como la\u00a0<strong>rehabilitaci\u00f3n del boulevard Luis Donaldo Colosio.<\/strong><\/p>\n<div id=\"div-gpt-ad-inread-2-64c32a4651bb7e0014f9798a\" data-name=\"inread\" data-size=\"[[336,250], [300,250]]\" data-google-query-id=\"CN6T1ZGisoADFf6VgwgdSOIFQA\">\n<section id=\"limit-stiky-64c32a4651bb7e0014f9798a\" class=\"row\">\n<div class=\"col-xs-112 col-sm-10 col-md-10 col-lg-10\">\n<div class=\"row content-news-data-64c32a4651bb7e0014f9798a\">\n<div class=\"col-xs-12 col-sm-12 col-md-12 col-lg-12 cuerpo-nota\">\n<p>El gobierno federal ha anunciado en diferentes ocasiones que se prev\u00e9 que las obras del distribuidor del\u00a0<strong>Aeropuerto Internacional de Canc\u00fan<\/strong>, est\u00e9n listas a m\u00e1s tardar finales de a\u00f1o, as\u00ed como las dem\u00e1s que se realizan en el municipio de Benito Ju\u00e1rez.<\/p>\n<\/div>\n<\/div>\n<\/div>\n<\/section>\n<section class=\"row\">\n<div class=\"col-xs-4 col-sm-14 col-md-4 col-lg-4\">\n<div class=\"btn-seguinos-gnews\"><\/div>\n<\/div>\n<\/section>\n<\/div>\n<\/div>\n<\/div>\n","protected":false},"excerpt":{"rendered":"<p>Hasta el momento se ha reportado un avance del 77% el distribuidor del aeropuerto. Debido a las obras en el\u00a0\u00abTr\u00e9bol\u00bb del Aeropuerto Internacional de la ciudad, se anunciaron las modificaciones en el tr\u00e1nsito vial entre Playa del Carmen y Canc\u00fan, las cuales se prev\u00e9 que permanecer\u00e1n hasta el pr\u00f3ximo 3 de agosto del 2023. De [&hellip;]<\/p>\n","protected":false},"author":1,"featured_media":28045,"comment_status":"open","ping_status":"closed","sticky":false,"template":"","format":"standard","meta":{"footnotes":""},"categories":[4],"tags":[],"class_list":["post-28043","post","type-post","status-publish","format-standard","has-post-thumbnail","hentry","category-local"],"_links":{"self":[{"href":"https:\/\/solidaridadnews.com\/index.php?rest_route=\/wp\/v2\/posts\/28043","targetHints":{"allow":["GET"]}}],"collection":[{"href":"https:\/\/solidaridadnews.com\/index.php?rest_route=\/wp\/v2\/posts"}],"about":[{"href":"https:\/\/solidaridadnews.com\/index.php?rest_route=\/wp\/v2\/types\/post"}],"author":[{"embeddable":true,"href":"https:\/\/solidaridadnews.com\/index.php?rest_route=\/wp\/v2\/users\/1"}],"replies":[{"embeddable":true,"href":"https:\/\/solidaridadnews.com\/index.php?rest_route=%2Fwp%2Fv2%2Fcomments&post=28043"}],"version-history":[{"count":1,"href":"https:\/\/solidaridadnews.com\/index.php?rest_route=\/wp\/v2\/posts\/28043\/revisions"}],"predecessor-version":[{"id":28044,"href":"https:\/\/solidaridadnews.com\/index.php?rest_route=\/wp\/v2\/posts\/28043\/revisions\/28044"}],"wp:featuredmedia":[{"embeddable":true,"href":"https:\/\/solidaridadnews.com\/index.php?rest_route=\/wp\/v2\/media\/28045"}],"wp:attachment":[{"href":"https:\/\/solidaridadnews.com\/index.php?rest_route=%2Fwp%2Fv2%2Fmedia&parent=28043"}],"wp:term":[{"taxonomy":"category","embeddable":true,"href":"https:\/\/solidaridadnews.com\/index.php?rest_route=%2Fwp%2Fv2%2Fcategories&post=28043"},{"taxonomy":"post_tag","embeddable":true,"href":"https:\/\/solidaridadnews.com\/index.php?rest_route=%2Fwp%2Fv2%2Ftags&post=28043"}],"curies":[{"name":"wp","href":"https:\/\/api.w.org\/{rel}","templated":true}]}}