{"id":28010,"date":"2023-07-27T15:27:07","date_gmt":"2023-07-27T20:27:07","guid":{"rendered":"https:\/\/solidaridadnews.com\/?p=28010"},"modified":"2023-07-27T20:27:08","modified_gmt":"2023-07-27T20:27:08","slug":"amlo-ofrece-6500-millones-de-pesos-a-calica-por-predio-en-playa-del-carmen","status":"publish","type":"post","link":"https:\/\/solidaridadnews.com\/?p=28010","title":{"rendered":"AMLO ofrece 6,500 millones de pesos a Calica por predio en Playa del Carmen"},"content":{"rendered":"<div>\n<h4 id=\"m36-35-37\" class=\"article-epigraph \" style=\"text-align: center;\">El presidente Andr\u00e9s Manuel L\u00f3pez Obrador se\u00f1ala que si aceptan la venta del terreno de 2 mil hect\u00e1reas se retirar\u00e1 la demanda que hay en su contra<\/h4>\n<\/div>\n<p id=\"m86-85-87\" class=\"paragraph con \">El presidente\u00a0<strong>Andr\u00e9s Manuel L\u00f3pez Obrador\u00a0<\/strong>anunci\u00f3 que har\u00e1 un ofrecimiento de\u00a0<strong>6,500 millones de pesos<\/strong>\u00a0a la minera\u00a0<strong>Calica\u00a0<\/strong>por la compra del\u00a0<strong>terreno de dos mil 411 hect\u00e1reas\u00a0<\/strong>ubicadas en<strong>\u00a0Playa del Carmen<\/strong>, Quintana Roo; dijo que si aceptan se podr\u00eda retirar la\u00a0<strong>demanda que present\u00f3 el Gobierno federal<\/strong>.<\/p>\n<div class=\"article-content-ad \" data-ad-position=\"content\" data-article-id=\"537911\" data-article-category=\"mexico\">\n<div class=\"article-content-ad\" data-article-id=\"537911\" data-ad-position=\"razon_notas\"><\/div>\n<\/div>\n<p id=\"m96-95-97\" class=\"paragraph con \">\u00ab\u00bfQu\u00e9 les planteamos? Se mand\u00f3 a hacer un aval\u00fao de todo y tiene un valor de alrededor 6,500 millones de pesos. La oferta es:<strong>\u00a0comprar todo<\/strong>\u00a0y esta parte que son las dos mil hect\u00e1reas, la mayor extensi\u00f3n del terreno la vamos a convertir<strong>\u00a0\u00c1rea Natural Protegida<\/strong>, ellos se van a sentir satisfechos, van a decir que est\u00e1n contribuyendo a<strong>\u00a0evitar cambio clim\u00e1tico<\/strong>\u00ab, refiri\u00f3.<\/p>\n<p class=\"paragraph con \">Durante la conferencia de prensa ma\u00f1anera, el presidente inform\u00f3 que enviar\u00e1 una carta al embajador de M\u00e9xico en Estados Unidos,<strong>\u00a0Esteban Moctezuma<\/strong>,<strong>\u00a0<\/strong>para hacer la\u00a0<strong>propuesta a los due\u00f1os de Vulcan<\/strong>\u00a0en ese pa\u00eds, la cual confi\u00f3 en que se aceptada.<\/p>\n<p id=\"m180-179-181\" class=\"paragraph con \">Adelant\u00f3 que antes de dejar el Gobierno federal<strong>\u00a0quedar\u00e1 resuelto<\/strong>, de una u otra manera el\u00a0<strong>caso de Calica en Quintana Roo<\/strong>.<\/p>\n<p id=\"m185-184-186\" class=\"paragraph con \">\u201cAl momento que se llegue al acuerdo se tienen que suspender las denuncias,<strong>\u00a0ahora si no hay acuerdo sigue el juicio y quedamos en libertad<\/strong>, pero no es una propuesta indecorosa, abusiva, es buscar ya un acuerdo\u201d, remarc\u00f3.<\/p>\n<p id=\"m190-189-191\" class=\"paragraph con \">Por \u00faltimo, el\u00a0presidente L\u00f3pez Obrador\u00a0asever\u00f3 que \u00abpobremente<strong>\u00a0hay presupuesto<\/strong>\u00bb para hacer la compra de las m\u00e1s de dos mil hect\u00e1reas a Vulcan, gracias a que \u00abya no se roban el dinero\u00bb.<\/p>\n<p id=\"m195-194-196\" class=\"paragraph con \">\u201cEl problema de M\u00e9xico no era la falta de presupuesto sino la\u00a0<strong>corrupci\u00f3n<\/strong>. Presupuesto tenemos porque estamos recaudando bien, no hay corrupci\u00f3n, las<strong>\u00a0obras que hacemos se paga lo justo<\/strong>, no 3, 4, 10 veces m\u00e1s, por eso nos rinde\u00bb, concluy\u00f3.<\/p>\n","protected":false},"excerpt":{"rendered":"<p>El presidente Andr\u00e9s Manuel L\u00f3pez Obrador se\u00f1ala que si aceptan la venta del terreno de 2 mil hect\u00e1reas se retirar\u00e1 la demanda que hay en su contra El presidente\u00a0Andr\u00e9s Manuel L\u00f3pez Obrador\u00a0anunci\u00f3 que har\u00e1 un ofrecimiento de\u00a06,500 millones de pesos\u00a0a la minera\u00a0Calica\u00a0por la compra del\u00a0terreno de dos mil 411 hect\u00e1reas\u00a0ubicadas en\u00a0Playa del Carmen, Quintana Roo; [&hellip;]<\/p>\n","protected":false},"author":1,"featured_media":28012,"comment_status":"open","ping_status":"closed","sticky":false,"template":"","format":"standard","meta":{"footnotes":""},"categories":[4],"tags":[],"class_list":["post-28010","post","type-post","status-publish","format-standard","has-post-thumbnail","hentry","category-local"],"_links":{"self":[{"href":"https:\/\/solidaridadnews.com\/index.php?rest_route=\/wp\/v2\/posts\/28010","targetHints":{"allow":["GET"]}}],"collection":[{"href":"https:\/\/solidaridadnews.com\/index.php?rest_route=\/wp\/v2\/posts"}],"about":[{"href":"https:\/\/solidaridadnews.com\/index.php?rest_route=\/wp\/v2\/types\/post"}],"author":[{"embeddable":true,"href":"https:\/\/solidaridadnews.com\/index.php?rest_route=\/wp\/v2\/users\/1"}],"replies":[{"embeddable":true,"href":"https:\/\/solidaridadnews.com\/index.php?rest_route=%2Fwp%2Fv2%2Fcomments&post=28010"}],"version-history":[{"count":1,"href":"https:\/\/solidaridadnews.com\/index.php?rest_route=\/wp\/v2\/posts\/28010\/revisions"}],"predecessor-version":[{"id":28011,"href":"https:\/\/solidaridadnews.com\/index.php?rest_route=\/wp\/v2\/posts\/28010\/revisions\/28011"}],"wp:featuredmedia":[{"embeddable":true,"href":"https:\/\/solidaridadnews.com\/index.php?rest_route=\/wp\/v2\/media\/28012"}],"wp:attachment":[{"href":"https:\/\/solidaridadnews.com\/index.php?rest_route=%2Fwp%2Fv2%2Fmedia&parent=28010"}],"wp:term":[{"taxonomy":"category","embeddable":true,"href":"https:\/\/solidaridadnews.com\/index.php?rest_route=%2Fwp%2Fv2%2Fcategories&post=28010"},{"taxonomy":"post_tag","embeddable":true,"href":"https:\/\/solidaridadnews.com\/index.php?rest_route=%2Fwp%2Fv2%2Ftags&post=28010"}],"curies":[{"name":"wp","href":"https:\/\/api.w.org\/{rel}","templated":true}]}}