{"id":27956,"date":"2023-07-25T15:44:05","date_gmt":"2023-07-25T20:44:05","guid":{"rendered":"https:\/\/solidaridadnews.com\/?p=27956"},"modified":"2023-07-25T20:44:07","modified_gmt":"2023-07-25T20:44:07","slug":"red-de-explotacion-obligaba-a-menores-a-ser-vendedores-ambulantes-en-playa-del-carmen","status":"publish","type":"post","link":"https:\/\/solidaridadnews.com\/?p=27956","title":{"rendered":"Red de explotaci\u00f3n obligaba a menores a ser vendedores ambulantes en Playa del Carmen"},"content":{"rendered":"<h4 style=\"text-align: center;\">Dos personas fueron vinculadas a proceso por la explotaci\u00f3n de 20 ni\u00f1os, ni\u00f1as y adolescentes en Quintana Roo; las v\u00edctimas ten\u00edan entre 1 y 17 a\u00f1os de edad.<\/h4>\n<address>\n<div>\n<p>Dos personas fueron a vinculados a proceso por presuntamente haber manejado una\u00a0<strong>red de explotaci\u00f3n a menores<\/strong>, a quienes se les obligada a trabajar como vendedores ambulantes en las calles de\u00a0<strong>Playa del Carmen.<\/strong><\/p>\n<\/div>\n<div>\n<p>Mario \u201cN\u201d y Juana \u201cN\u201d son acusados del delito de trata de personas en su modalidad de explotaci\u00f3n en agravio de 20 ni\u00f1as, ni\u00f1os y adolescentes, inform\u00f3<strong>\u00a0Luis Rodr\u00edguez Bucio,<\/strong>\u00a0subsecretario de Seguridad P\u00fablica.<\/p>\n<div>\n<p>Las v\u00edctimas tienen entre uno y diecisiete a\u00f1os de edad, detall\u00f3 el funcionario este martes durante la conferencia de prensa matutina del\u00a0<strong>presidente Andr\u00e9s Manuel L\u00f3pez Obrador<\/strong>.<\/p>\n<\/div>\n<div>\n<p>Con base en una denuncia, la\u00a0<strong>FGJE<\/strong>\u00a0de\u00a0<strong>Quintana Roo<\/strong>\u00a0solicit\u00f3 a un Juez una orden de cateo, el cual se realiz\u00f3 el 12 de julio. En ese marco, se detuvo a estas personas en flagrancia.<\/p>\n<div>\n<p>Ante los datos de prueba que present\u00f3 la Fiscal\u00eda, un Juez los vincul\u00f3 a proceso penal por el delito de trata de personas y se concedi\u00f3 la prisi\u00f3n preventiva como medida cautelar.<\/p>\n<\/div>\n<div>\n<div class=\"insight-player-wrapper\">\n<div id=\"wrapper-4ofei6jvj3vu4zzkt8y9w\" class=\"insight-player mvp-player mvp-skin-aviva mvp-vrb mvp-nt-scroll mvp-ps-drot mvp-has-search-bar\">\n<div class=\"mvp-player-wrap\">\n<div class=\"mvp-player-holder\">\n<div class=\"mvp-media-holder\"><\/div>\n<\/div>\n<\/div>\n<\/div>\n<\/div>\n<\/div>\n<\/div>\n<\/div>\n<\/address>\n","protected":false},"excerpt":{"rendered":"<p>Dos personas fueron vinculadas a proceso por la explotaci\u00f3n de 20 ni\u00f1os, ni\u00f1as y adolescentes en Quintana Roo; las v\u00edctimas ten\u00edan entre 1 y 17 a\u00f1os de edad. Dos personas fueron a vinculados a proceso por presuntamente haber manejado una\u00a0red de explotaci\u00f3n a menores, a quienes se les obligada a trabajar como vendedores ambulantes en [&hellip;]<\/p>\n","protected":false},"author":1,"featured_media":27958,"comment_status":"open","ping_status":"closed","sticky":false,"template":"","format":"standard","meta":{"footnotes":""},"categories":[4],"tags":[],"class_list":["post-27956","post","type-post","status-publish","format-standard","has-post-thumbnail","hentry","category-local"],"_links":{"self":[{"href":"https:\/\/solidaridadnews.com\/index.php?rest_route=\/wp\/v2\/posts\/27956","targetHints":{"allow":["GET"]}}],"collection":[{"href":"https:\/\/solidaridadnews.com\/index.php?rest_route=\/wp\/v2\/posts"}],"about":[{"href":"https:\/\/solidaridadnews.com\/index.php?rest_route=\/wp\/v2\/types\/post"}],"author":[{"embeddable":true,"href":"https:\/\/solidaridadnews.com\/index.php?rest_route=\/wp\/v2\/users\/1"}],"replies":[{"embeddable":true,"href":"https:\/\/solidaridadnews.com\/index.php?rest_route=%2Fwp%2Fv2%2Fcomments&post=27956"}],"version-history":[{"count":1,"href":"https:\/\/solidaridadnews.com\/index.php?rest_route=\/wp\/v2\/posts\/27956\/revisions"}],"predecessor-version":[{"id":27957,"href":"https:\/\/solidaridadnews.com\/index.php?rest_route=\/wp\/v2\/posts\/27956\/revisions\/27957"}],"wp:featuredmedia":[{"embeddable":true,"href":"https:\/\/solidaridadnews.com\/index.php?rest_route=\/wp\/v2\/media\/27958"}],"wp:attachment":[{"href":"https:\/\/solidaridadnews.com\/index.php?rest_route=%2Fwp%2Fv2%2Fmedia&parent=27956"}],"wp:term":[{"taxonomy":"category","embeddable":true,"href":"https:\/\/solidaridadnews.com\/index.php?rest_route=%2Fwp%2Fv2%2Fcategories&post=27956"},{"taxonomy":"post_tag","embeddable":true,"href":"https:\/\/solidaridadnews.com\/index.php?rest_route=%2Fwp%2Fv2%2Ftags&post=27956"}],"curies":[{"name":"wp","href":"https:\/\/api.w.org\/{rel}","templated":true}]}}