{"id":27953,"date":"2023-07-25T15:42:32","date_gmt":"2023-07-25T20:42:32","guid":{"rendered":"https:\/\/solidaridadnews.com\/?p=27953"},"modified":"2023-07-25T20:42:34","modified_gmt":"2023-07-25T20:42:34","slug":"playa-del-carmen-concluye-reparacion-de-carretera-donde-se-abrio-un-socavon","status":"publish","type":"post","link":"https:\/\/solidaridadnews.com\/?p=27953","title":{"rendered":"Playa del Carmen: Concluye reparaci\u00f3n de carretera donde se abri\u00f3 un socav\u00f3n"},"content":{"rendered":"<div>\n<div class=\"row m-b-15\">\n<div class=\"col-xs-12 col-sm-12 col-md-12 col-lg-12\">\n<p class=\"introduction\">El hundimiento se registr\u00f3 en junio de 2020 a la altura del balneario Xpu-h\u00e1.<\/p>\n<\/div>\n<\/div>\n<\/div>\n<div class=\"row m-b-25\">\n<div class=\"col-xs-12 col-sm-12 col-md-12 col-lg-12 info-extra-new\">\n<p>Despu\u00e9s de tres a\u00f1os de caos vial, el Fondo Nacional de Fomento al Turismo y la Secretar\u00eda de Infraestructura, Comunicaciones y Transporte (SICT), finalmente\u00a0<strong>concluyeron la reparaci\u00f3n de la carretera federal 307<\/strong>\u00a0a la altura de Xpu-h\u00e1.<\/p>\n<p>En junio de 2020, en este sitio se abri\u00f3 un socav\u00f3n que abarc\u00f3 dos de los cuatro carriles de la v\u00eda que conecta a Tulum y Playa del Carmen, dos de los principales puntos tur\u00edsticos de la Riviera Maya.<\/p>\n<p>Los trabajos de\u00a0<strong>construcci\u00f3n de una especie de puente arrancaron en 2021<\/strong>, dos a\u00f1os despu\u00e9s finalmente los cuatro carriles de la v\u00eda federal fueron reabiertos a la circulaci\u00f3n.<\/p>\n<blockquote><p><em>\u201cEs una buena noticia y de acuerdo con los estudios que se realizaron este deb\u00eda respetar el flujo del agua subterr\u00e1nea, ya que recordemos que fue profundo, de hasta m\u00e1s de 60 metros, una situaci\u00f3n que llev\u00f3 a que tambi\u00e9n se generara un tr\u00e1fico intenso\u201d, dijo Lenin Amaro Betancourt, presidente de la Comisi\u00f3n de Turismo de la Asociaci\u00f3n Nacional de Consejos Empresariales Regionales.<\/em><\/p><\/blockquote>\n<p>Por la zona\u00a0<strong>transitan al menos 90 mil turistas que se trasladan por la Riviera Maya<\/strong>, m\u00e1s los colaboradores de la zona, por ello la importancia de la rehabilitaci\u00f3n y apertura de todos los carriles.<\/p>\n<p>Dijo que en su momento provoc\u00f3 un cuello de botella que, aunque posteriormente se fue aminorando, el flujo presentaba problemas y m\u00e1s si hab\u00eda alg\u00fan accidente.<\/p>\n<p><strong>El hundimiento ocurri\u00f3 en junio de 2020 a la altura del balneario Xpu-h\u00e1<\/strong>, al sur en Playa del Carmen, en el kil\u00f3metro 265 de la carretera Federal 307, lo que llev\u00f3 a que se tuviera que realizar acciones de cierre para hacer evaluaciones y poder repararlo.<\/p>\n<p>Aunque es una buena noticia para los miles de turistas y automovilistas locales que circulan diariamente por esta carretera, insisti\u00f3 en el llamado a las autoridades para que realicen la reforestaci\u00f3n de la parte central tras la remoci\u00f3n de \u00e1rboles por el Tren Maya.<\/p>\n<blockquote><p><em>\u201cAunque esto es un avance en el tema de la carretera en el tramo de Playa del Carmen a\u00fan queda pendiente atender la situaci\u00f3n del tramo norte,\u00a0<strong>donde ya se est\u00e1 trabajando y en el segundo socav\u00f3n<\/strong>\u201d, agreg\u00f3.<\/em><\/p><\/blockquote>\n<p>El otro socav\u00f3n se encuentra entre Playa del Carmen y Puerto Morelos, donde los estudios contin\u00faan para ver la mejor opci\u00f3n.<\/p>\n<\/div>\n<\/div>\n","protected":false},"excerpt":{"rendered":"<p>El hundimiento se registr\u00f3 en junio de 2020 a la altura del balneario Xpu-h\u00e1. Despu\u00e9s de tres a\u00f1os de caos vial, el Fondo Nacional de Fomento al Turismo y la Secretar\u00eda de Infraestructura, Comunicaciones y Transporte (SICT), finalmente\u00a0concluyeron la reparaci\u00f3n de la carretera federal 307\u00a0a la altura de Xpu-h\u00e1. En junio de 2020, en este [&hellip;]<\/p>\n","protected":false},"author":1,"featured_media":27955,"comment_status":"open","ping_status":"closed","sticky":false,"template":"","format":"standard","meta":{"footnotes":""},"categories":[4],"tags":[],"class_list":["post-27953","post","type-post","status-publish","format-standard","has-post-thumbnail","hentry","category-local"],"_links":{"self":[{"href":"https:\/\/solidaridadnews.com\/index.php?rest_route=\/wp\/v2\/posts\/27953","targetHints":{"allow":["GET"]}}],"collection":[{"href":"https:\/\/solidaridadnews.com\/index.php?rest_route=\/wp\/v2\/posts"}],"about":[{"href":"https:\/\/solidaridadnews.com\/index.php?rest_route=\/wp\/v2\/types\/post"}],"author":[{"embeddable":true,"href":"https:\/\/solidaridadnews.com\/index.php?rest_route=\/wp\/v2\/users\/1"}],"replies":[{"embeddable":true,"href":"https:\/\/solidaridadnews.com\/index.php?rest_route=%2Fwp%2Fv2%2Fcomments&post=27953"}],"version-history":[{"count":1,"href":"https:\/\/solidaridadnews.com\/index.php?rest_route=\/wp\/v2\/posts\/27953\/revisions"}],"predecessor-version":[{"id":27954,"href":"https:\/\/solidaridadnews.com\/index.php?rest_route=\/wp\/v2\/posts\/27953\/revisions\/27954"}],"wp:featuredmedia":[{"embeddable":true,"href":"https:\/\/solidaridadnews.com\/index.php?rest_route=\/wp\/v2\/media\/27955"}],"wp:attachment":[{"href":"https:\/\/solidaridadnews.com\/index.php?rest_route=%2Fwp%2Fv2%2Fmedia&parent=27953"}],"wp:term":[{"taxonomy":"category","embeddable":true,"href":"https:\/\/solidaridadnews.com\/index.php?rest_route=%2Fwp%2Fv2%2Fcategories&post=27953"},{"taxonomy":"post_tag","embeddable":true,"href":"https:\/\/solidaridadnews.com\/index.php?rest_route=%2Fwp%2Fv2%2Ftags&post=27953"}],"curies":[{"name":"wp","href":"https:\/\/api.w.org\/{rel}","templated":true}]}}