{"id":27917,"date":"2023-07-21T16:44:58","date_gmt":"2023-07-21T21:44:58","guid":{"rendered":"https:\/\/solidaridadnews.com\/?p=27917"},"modified":"2023-07-21T21:45:06","modified_gmt":"2023-07-21T21:45:06","slug":"empujon-al-nearshoring-en-mexico-hacienda-evalua-estimulos-para-estos-5-sectores","status":"publish","type":"post","link":"https:\/\/solidaridadnews.com\/?p=27917","title":{"rendered":"\u2018Empuj\u00f3n\u2019 al nearshoring en M\u00e9xico: Hacienda eval\u00faa est\u00edmulos para estos 5 sectores"},"content":{"rendered":"<div class=\"row\">\n<div class=\"col-sm-xl-12 layout-section wrap-bottom\">\n<h4 class=\"primary-font__PrimaryFontStyles-o56yd5-0 heuGTu h4-primary sub-headline\" style=\"text-align: center;\">Gabriel Yorio, subsecretario de Hacienda, remarc\u00f3 que el proyecto del Tren Interoce\u00e1nico busca capturar inversiones que se \u2018escapan\u2019 del Canal de Panam\u00e1.<\/h4>\n<div class=\"default__StyledDiv-cj38t1-0 gCPfDm share-bar\"><\/div>\n<\/div>\n<\/div>\n<div class=\"row\">\n<div class=\"col-sm-md-12 col-lg-xl-8 left-article-section ie-flex-100-percent-sm layout-section\">\n<p class=\"default__StyledText-kkhi2r-0 cGAawy body-paragraph\">El<b>\u00a0<\/b><i><b>nearshoring<\/b><\/i>\u00a0es una oportunidad que est\u00e1 tomando mayor fuerza este a\u00f1o. Para seguirlo aprovechando se estudia la posibilidad de<b>\u00a0dar\u00a0<\/b><b>incentivos fiscales<\/b><b>\u00a0en cinco sectores estrat\u00e9gicos<\/b>, inform\u00f3 este jueves\u00a0<b>Gabriel Yorio, subsecretario de Hacienda y Cr\u00e9dito P\u00fablico (SHCP<\/b>).<\/p>\n<p class=\"default__StyledText-kkhi2r-0 cGAawy body-paragraph\">Durante la inauguraci\u00f3n del\u00a0<b>Foro de Finanzas e Infraestructura de LatinFinance<\/b>, el funcionario precis\u00f3 que los sectores son\u00a0<b>electr\u00f3nicos<\/b><b>,\u00a0<\/b><b>transporte<\/b><b>,\u00a0<\/b><b>farmac\u00e9utico<\/b><b>,\u00a0<\/b><b>microprocesadores<\/b><b>\u00a0y aeroespacial<\/b>, mismos que fueron acordados con los dem\u00e1s pa\u00edses de\u00a0<b>Am\u00e9rica del Norte<\/b><b>.<\/b><\/p>\n<p class=\"default__StyledText-kkhi2r-0 cGAawy body-paragraph\">\u201cEn estos sectores que se han acordado, precisamente para blindar las<b>\u00a0<\/b><b>cadenas de valor en Norteam\u00e9rica<\/b>, es que vamos a tratar de empujar de manera importante incentivos que ayuden a las empresas\u00a0<b>a elevar la tasa de retorno<\/b>\u00a0cuando inviertan en el\u00a0<b>Istmo<\/b>\u00a0o en estos sectores en toda la\u00a0<b>Rep\u00fablica Mexicana<\/b>\u201d, explic\u00f3.<\/p>\n<p class=\"default__StyledText-kkhi2r-0 cGAawy body-paragraph\">Sostuvo que\u00a0<b>M\u00e9xico<\/b>\u00a0est\u00e1 tratando de tomar ventaja de\u00a0la<b>\u00a0relocalizaci\u00f3n de empresas<\/b>. Por ello, tambi\u00e9n ha habido un despliegue de<b>\u00a0<\/b><b>inversi\u00f3n privada<\/b>\u00a0en tanto que el Gobierno hizo p\u00fablico el\u00a0<b>decreto presidencial\u00a0<\/b>con el cual se otorgan incentivos a los pol\u00edgonos del\u00a0<b>corredor del Istmo<\/b>.<\/p>\n<article class=\"container-fluid inline-promo border border_solid border_top color_black_1\">\n<div class=\"inline-promo-wrapper inline-promo-image\">\n<p class=\"default__StyledText-kkhi2r-0 cGAawy body-paragraph\">En junio pasado se public\u00f3 el\u00a0<b>decreto de\u00a0<\/b><b>beneficios fiscales<\/b>\u00a0a los 10 Polos de Desarrollo situados en el\u00a0<b>Corredor del Istmo<\/b>, con el fin de estimular la\u00a0<b>reubicaci\u00f3n de empresas<\/b>\u00a0y\u00a0<b>atraer inversi\u00f3n\u00a0<\/b>hacia el sureste.<\/p>\n<p class=\"default__StyledText-kkhi2r-0 cGAawy body-paragraph\">Se contempla, entre otras cosas, la exenci\u00f3n total del\u00a0<b>Impuesto Sobre la Renta (ISR)<\/b>\u00a0durante los primeros tres a\u00f1os de operaci\u00f3n, y a las acciones realizadas dentro y a \u00e9stos no se les cobrar\u00e1\u00a0<b>IVA<\/b>.\u00a0Adem\u00e1s, se permitir\u00e1 la recuperaci\u00f3n de este<b>\u00a0<\/b><b>impuesto<\/b>\u00a0pagado en las compras realizadas fuera de los Polos durante cuatro a\u00f1os.<\/p>\n<div id=\"arcad-feature-8159\" class=\"default__StyledAdUnit-ijbiyl-0 bWigPu arcad-feature margin-md-bottom \">\n<div id=\"\" class=\"arcad-container\">\n<div id=\"lazy_4\">\n<div id=\"box_banner\" class=\"arcad ad-300x250\" data-google-query-id=\"CMb-8aDioIADFb-cWgUdrDYCMA\">\n<div id=\"google_ads_iframe_\/77835600\/ElFinanciero__economia\/box_banner_1__container__\"><\/div>\n<\/div>\n<\/div>\n<\/div>\n<\/div>\n<p class=\"default__StyledText-kkhi2r-0 cGAawy body-paragraph\"><b>Gabriel Casillas, economista jefe para Am\u00e9rica Latina de Barclays,\u00a0<\/b>record\u00f3 que anteriormente, cuando se refer\u00eda al\u00a0<i><b>nearshoring<\/b><\/i>, la reacci\u00f3n inmediata de algunos actores era de\u00a0<b>escepticismo<\/b>; sin embargo, tras el anuncio de la instalaci\u00f3n de\u00a0<b>Tesla<\/b>\u00a0en\u00a0<b>Monterrey<\/b>, hay mayor\u00a0<b>inter\u00e9s<\/b>.<\/p>\n<p class=\"default__StyledText-kkhi2r-0 cGAawy body-paragraph\">Sostuvo, que la mayor muestra de que la\u00a0<b>relocalizaci\u00f3n de empresas<\/b>\u00a0es una realidad es la<b>\u00a0demanda de\u00a0<\/b><b>espacios industriales<\/b>\u00a0en la\u00a0<b>zona Norte<\/b>\u00a0y\u00a0<b>Baj\u00edo<\/b>, tanto en\u00a0<b>construcci\u00f3n<\/b>\u00a0como en renta; adem\u00e1s, pese al\u00a0<b>aumento en\u00a0<\/b><b>tasas<\/b>, el\u00a0<b>cr\u00e9dito<\/b><b>\u00a0<\/b>va al alza.\u201c\u00bfC\u00f3mo es posible que el<b>\u00a0<\/b><b>Banco de M\u00e9xico<\/b>\u00a0sube 700 puntos base (la tasa de inter\u00e9s) desde junio de 2021 y el\u00a0<b>cr\u00e9dito a la construcci\u00f3n de\u00a0<\/b><b>parques industriales<\/b>, no est\u00e1 categorizado como tal, pero s\u00e9 que es eso, est\u00e1 creciendo a 20 por ciento a\u00f1o nominal. Lo estamos viendo, no est\u00e1 llegando v\u00eda\u00a0<b>manufactura<\/b>\u00a0todav\u00eda, est\u00e1 llegando v\u00eda\u00a0<b>construcci\u00f3n<\/b>\u201d, resalt\u00f3 en entrevista con\u00a0<i><b>El Financiero-Bloomberg<\/b><\/i>.<\/p>\n<h2 class=\"heading__StyledHeading-sc-1yxtfv0-0 dQdSuo\">Compite con Panam\u00e1<\/h2>\n<p>Es precisamente en este proyecto, que\u00a0va de Coatzacoalcos, Veracruz, a Salina Cruz, Oaxaca, que se est\u00e1 tratando de lograr capturar\u00a0el flujo comercial que se \u2018escapa\u2019 del\u00a0Canal de Panam\u00e1. Incluso, ah\u00ed hay 10\u00a0parques industriales\u00a0que le agregan valor a cualquier producci\u00f3n o comercio que pueda pasar por ah\u00ed, resalt\u00f3 el subsecretario.<\/p>\n<p>\u201cCreemos y estamos convencidos que\u00a0va a generar desarrollo en el sureste. Actualmente los 10\u00a0parques industriales\u00a0del\u00a0corredor del Istmo\u00a0suman cerca de tres mil hect\u00e1reas. Estamos en espera de que estas inversiones que se realicen en los parques van a triplicar la\u00a0inversi\u00f3n privada\u00a0y\u00a0p\u00fablica en Veracruz y Oaxaca\u201d, puntualiz\u00f3.<\/p>\n<p>Tan solo en 2023 ha habido cerca de\u00a047 nuevos\u00a0parques industriales, un incremento de 30 por ciento respecto a 2001.\u00a0La Ciudad de M\u00e9xico\u00a0ha brindado facilidades para desplegar cerca de 14 millones de metros cuadrados en\u00a0parques industriales, igual que\u00a0Monterrey, indic\u00f3.<\/p>\n<p>Por \u00faltimo, record\u00f3 que en 2019 se decidi\u00f3\u00a0conectar al sureste con el resto del pa\u00eds\u00a0para aprovechar el\u00a0crecimiento\u00a0que tienen entidades de otras zonas que incluso presentan una\u00a0econom\u00eda\u00a0m\u00e1s alta que la nacional.<\/p>\n<p>\u201cPor eso la importancia de generar\u00a0infraestructura\u00a0en el sureste y, sobre todo, esta vinculaci\u00f3n con el resto de la\u00a0econom\u00eda\u201d, concluy\u00f3.<\/p>\n<p>Por otro lado, Yorio resalt\u00f3 que la\u00a0econom\u00eda mexicana\u00a0crece a un ritmo de entre tres y cuatro por ciento despu\u00e9s de la\u00a0pandemia.<\/p>\n<p>Enfatiz\u00f3 que la\u00a0inflaci\u00f3n\u00a0va a la baja y el\u00a0tipo de cambio\u00a0se est\u00e1 apreciando, un escenario que usualmente no se espera, pero que es una realidad en el pa\u00eds. Al mismo tiempo el\u00a0consumo interno\u00a0avanza gracias a pol\u00edticas econ\u00f3micas y sociales.<\/p>\n<\/div>\n<\/article>\n<\/div>\n<\/div>\n","protected":false},"excerpt":{"rendered":"<p>Gabriel Yorio, subsecretario de Hacienda, remarc\u00f3 que el proyecto del Tren Interoce\u00e1nico busca capturar inversiones que se \u2018escapan\u2019 del Canal de Panam\u00e1. El\u00a0nearshoring\u00a0es una oportunidad que est\u00e1 tomando mayor fuerza este a\u00f1o. Para seguirlo aprovechando se estudia la posibilidad de\u00a0dar\u00a0incentivos fiscales\u00a0en cinco sectores estrat\u00e9gicos, inform\u00f3 este jueves\u00a0Gabriel Yorio, subsecretario de Hacienda y Cr\u00e9dito P\u00fablico (SHCP). [&hellip;]<\/p>\n","protected":false},"author":1,"featured_media":27919,"comment_status":"open","ping_status":"closed","sticky":false,"template":"","format":"standard","meta":{"footnotes":""},"categories":[2],"tags":[],"class_list":["post-27917","post","type-post","status-publish","format-standard","has-post-thumbnail","hentry","category-nacional"],"_links":{"self":[{"href":"https:\/\/solidaridadnews.com\/index.php?rest_route=\/wp\/v2\/posts\/27917","targetHints":{"allow":["GET"]}}],"collection":[{"href":"https:\/\/solidaridadnews.com\/index.php?rest_route=\/wp\/v2\/posts"}],"about":[{"href":"https:\/\/solidaridadnews.com\/index.php?rest_route=\/wp\/v2\/types\/post"}],"author":[{"embeddable":true,"href":"https:\/\/solidaridadnews.com\/index.php?rest_route=\/wp\/v2\/users\/1"}],"replies":[{"embeddable":true,"href":"https:\/\/solidaridadnews.com\/index.php?rest_route=%2Fwp%2Fv2%2Fcomments&post=27917"}],"version-history":[{"count":1,"href":"https:\/\/solidaridadnews.com\/index.php?rest_route=\/wp\/v2\/posts\/27917\/revisions"}],"predecessor-version":[{"id":27918,"href":"https:\/\/solidaridadnews.com\/index.php?rest_route=\/wp\/v2\/posts\/27917\/revisions\/27918"}],"wp:featuredmedia":[{"embeddable":true,"href":"https:\/\/solidaridadnews.com\/index.php?rest_route=\/wp\/v2\/media\/27919"}],"wp:attachment":[{"href":"https:\/\/solidaridadnews.com\/index.php?rest_route=%2Fwp%2Fv2%2Fmedia&parent=27917"}],"wp:term":[{"taxonomy":"category","embeddable":true,"href":"https:\/\/solidaridadnews.com\/index.php?rest_route=%2Fwp%2Fv2%2Fcategories&post=27917"},{"taxonomy":"post_tag","embeddable":true,"href":"https:\/\/solidaridadnews.com\/index.php?rest_route=%2Fwp%2Fv2%2Ftags&post=27917"}],"curies":[{"name":"wp","href":"https:\/\/api.w.org\/{rel}","templated":true}]}}