{"id":27902,"date":"2023-07-21T16:14:25","date_gmt":"2023-07-21T21:14:25","guid":{"rendered":"https:\/\/solidaridadnews.com\/?p=27902"},"modified":"2023-07-21T21:14:26","modified_gmt":"2023-07-21T21:14:26","slug":"pelicano-una-playa-con-mucha-inclusividad-en-playa-del-carmen","status":"publish","type":"post","link":"https:\/\/solidaridadnews.com\/?p=27902","title":{"rendered":"\u201cPel\u00edcano\u201d, una playa con mucha inclusividad en Playa del Carmen"},"content":{"rendered":"<div class=\"newsfull__excerpt\">\n<h4 style=\"text-align: center;\">La playa \u201cPel\u00edcano\u201d es ahora otra de las playas que ofrecer\u00e1n accesos a servicios espec\u00edficos \u00e1ra personas con alguna discapacidad<\/h4>\n<\/div>\n<div class=\"newsfull__line\">\n<div class=\"newsfull__author--media\">\n<p><strong>\u201cPel\u00edcano\u201d<\/strong>\u00a0es la nueva\u00a0<strong>playa<\/strong>\u00a0en Playa del Carmen que abri\u00f3 hace muy poco con una estrategia la cual no excluir\u00e1 a nadie que vaya de vacaciones, ofreciendo un trato por igual y que har\u00e1 de una experiencia genial a todos.<\/p>\n<div class=\"banner hide--mobile\">\n<p>A continuaci\u00f3n te contaremos un poco m\u00e1s sobre ella, y que es lo que se podr\u00e1 encontrar si decides conocerla en persona.<\/p>\n<h2>\u00bfCu\u00e1ndo nombr\u00f3 la playa \u201cPel\u00edcano\u201d como inclusiva?<\/h2>\n<p>La\u00a0<strong>playa<\/strong>\u00a0<strong>\u201cPel\u00edcano\u201d\u00a0<\/strong>fue inaugurada como inclusiva el d\u00eda de ayer, jueves 20 de julio en\u00a0Playa del Carmen, sum\u00e1ndose a la lista de este tipo de lugares donde se le da prioridad a la inclusividad para todas las personas que ir\u00e1n de visita.<\/p>\n<div class=\"banner hide--mobile\">\n<p>La decisi\u00f3n de su apertura fue hecha por el Gobierno Municipal, con el objetivo de otorgar servicios y tambi\u00e9n comodidad para locales, y tambi\u00e9n turistas de cualquier parte del mundo.<\/p>\n<p>La\u00a0<a href=\"https:\/\/topadventure.com\/seccion\/playa\/index.html\" target=\"_blank\" rel=\"noopener\">playa<\/a>\u00a0\u201cPel\u00edcano\u201d cuenta con un total de dos certificaciones, la primera Blue Flag y la segunda Platino, siendo as\u00ed una de las grandes opciones para conocer si viajas con alguien o eres una persona con alg\u00fan tipo de discapacidad.<\/p>\n<p>En los alrededores se podr\u00e1 encontrar todo lo b\u00e1sico para los visitantes, como lo son ba\u00f1os, rampas, regaderas, y lo mejor carteles de lenguajes de se\u00f1as y un mapa de la zona habilitado para gente con alguna discapacidad visual.<\/p>\n<h2>\u00bfPor qu\u00e9 es importante una playa inclusiva como \u201cPel\u00edcano\u201d?<\/h2>\n<div>\n<p>La\u00a0<strong>playa \u00abPel\u00edcano\u00bb<\/strong>\u00a0es una de muchas las cuales est\u00e1n enfocadas en el\u00a0turismo accesible, o tambi\u00e9n conocido como turismo inclusivo, el cual se centra en poder contar con varios espacios para todas las personas, sobre todo a aquellas que cuenten con alguna discapacidad tanto f\u00edsica como mental.<\/p>\n<p>En ese tipo de lugares donde pueden haber ciertas dificultades para recorrer, siempre se encontrar\u00e1n algunos obst\u00e1culos que no permitir\u00e1n caminar como otras personas, pero en las playas inclusivas se busca evitar este tipo de situaciones.<\/p>\n<\/div>\n<\/div>\n<\/div>\n<\/div>\n<\/div>\n","protected":false},"excerpt":{"rendered":"<p>La playa \u201cPel\u00edcano\u201d es ahora otra de las playas que ofrecer\u00e1n accesos a servicios espec\u00edficos \u00e1ra personas con alguna discapacidad \u201cPel\u00edcano\u201d\u00a0es la nueva\u00a0playa\u00a0en Playa del Carmen que abri\u00f3 hace muy poco con una estrategia la cual no excluir\u00e1 a nadie que vaya de vacaciones, ofreciendo un trato por igual y que har\u00e1 de una experiencia [&hellip;]<\/p>\n","protected":false},"author":1,"featured_media":27904,"comment_status":"open","ping_status":"closed","sticky":false,"template":"","format":"standard","meta":{"footnotes":""},"categories":[4],"tags":[],"class_list":["post-27902","post","type-post","status-publish","format-standard","has-post-thumbnail","hentry","category-local"],"_links":{"self":[{"href":"https:\/\/solidaridadnews.com\/index.php?rest_route=\/wp\/v2\/posts\/27902","targetHints":{"allow":["GET"]}}],"collection":[{"href":"https:\/\/solidaridadnews.com\/index.php?rest_route=\/wp\/v2\/posts"}],"about":[{"href":"https:\/\/solidaridadnews.com\/index.php?rest_route=\/wp\/v2\/types\/post"}],"author":[{"embeddable":true,"href":"https:\/\/solidaridadnews.com\/index.php?rest_route=\/wp\/v2\/users\/1"}],"replies":[{"embeddable":true,"href":"https:\/\/solidaridadnews.com\/index.php?rest_route=%2Fwp%2Fv2%2Fcomments&post=27902"}],"version-history":[{"count":1,"href":"https:\/\/solidaridadnews.com\/index.php?rest_route=\/wp\/v2\/posts\/27902\/revisions"}],"predecessor-version":[{"id":27903,"href":"https:\/\/solidaridadnews.com\/index.php?rest_route=\/wp\/v2\/posts\/27902\/revisions\/27903"}],"wp:featuredmedia":[{"embeddable":true,"href":"https:\/\/solidaridadnews.com\/index.php?rest_route=\/wp\/v2\/media\/27904"}],"wp:attachment":[{"href":"https:\/\/solidaridadnews.com\/index.php?rest_route=%2Fwp%2Fv2%2Fmedia&parent=27902"}],"wp:term":[{"taxonomy":"category","embeddable":true,"href":"https:\/\/solidaridadnews.com\/index.php?rest_route=%2Fwp%2Fv2%2Fcategories&post=27902"},{"taxonomy":"post_tag","embeddable":true,"href":"https:\/\/solidaridadnews.com\/index.php?rest_route=%2Fwp%2Fv2%2Ftags&post=27902"}],"curies":[{"name":"wp","href":"https:\/\/api.w.org\/{rel}","templated":true}]}}