{"id":27863,"date":"2023-07-20T15:40:04","date_gmt":"2023-07-20T20:40:04","guid":{"rendered":"https:\/\/solidaridadnews.com\/?p=27863"},"modified":"2023-07-20T20:40:05","modified_gmt":"2023-07-20T20:40:05","slug":"bloqueos-en-playa-del-carmen-por-apagones-de-la-cfe","status":"publish","type":"post","link":"https:\/\/solidaridadnews.com\/?p=27863","title":{"rendered":"Bloqueos en Playa del Carmen por apagones de la CFE"},"content":{"rendered":"<p>Un grupo de 30 personas del fraccionamiento Misi\u00f3n de las Flores bloque\u00f3 anoche la concurrida avenida Lilis, en protesta por el largo apag\u00f3n que los dej\u00f3 sin energ\u00eda el\u00e9ctrica durante cerca de 24 horas.<\/p>\n<p>Los ciudadanos alegaron que la Comisi\u00f3n Federal de Electricidad no les ha dado la cara, desde que les se\u00f1alaron en la ma\u00f1ana que este corte durar\u00eda 10 horas, lo que result\u00f3 ser falso. Su inconformidad es mayor, porque la noche anterior tambi\u00e9n la pasaron sin electricidad.<\/p>\n<p>Vecinos colocaron piedras sobre la avenida, en el cruce de la avenida Ave del Para\u00edso, que es prolongaci\u00f3n de la avenida Las Palmas.<\/p>\n<p>\u201cTodo lo del refri se nos ech\u00f3 a perder; hay gente que ten\u00eda insulina y que la perdi\u00f3. Lo refrigerado dura dos horas, y con 24 horas ya el refri es una pestilencia y de eso nadie responde\u201d, reclam\u00f3 una mujer presente en esta manifestaci\u00f3n.<\/p>\n<p>El problema con la electricidad es a\u00f1ejo, debido a que la infraestructura disponible ha sido rebasada por mucho por el crecimiento poblacional, se\u00f1al\u00f3, pero ha sido en este \u00faltimo a\u00f1o cuando se ha agudizado esta situaci\u00f3n.<\/p>\n<p>Hace dos a\u00f1os, llevaron vecinos un escrito con 600 firmas a la Comisi\u00f3n, exigiendo una explicaci\u00f3n por los constantes apagones. Los cortes cesaron, pero nunca hubo una explicaci\u00f3n.<\/p>\n<p>\u201cHay una falla que nadie quiere resolver; trabajadores de la CFE han dicho, sin dar sus nombres, que el material es de mala calidad y que no hay muchas cosas necesarias para reparar\u201d, dijo.<\/p>\n<p>La constructora Ara es parcialmente responsable, acus\u00f3, porque a los cortes de luz se suman las recurrentes inundaciones cuando llueve.<\/p>\n<p>Un vecino se\u00f1al\u00f3 que sus hijos optaron por dormir en la calle, porque el calor, en plena can\u00edcula, est\u00e1 insoportable.<\/p>\n<p>Otra habitante asegur\u00f3 que los responsables son los habitantes de la zona irregular de InHouse, que est\u00e1n colgados de la red el\u00e9ctrica, a vista y paciencia de las autoridades, que no se atreven a intervenir.<\/p>\n<p>Hasta las 11 de la noche, ninguna autoridad o trabajadores de la CFE se han acercado a dialogar con la gente o intentado despejar la v\u00eda.<strong>\u00a0<\/strong><\/p>\n","protected":false},"excerpt":{"rendered":"<p>Un grupo de 30 personas del fraccionamiento Misi\u00f3n de las Flores bloque\u00f3 anoche la concurrida avenida Lilis, en protesta por el largo apag\u00f3n que los dej\u00f3 sin energ\u00eda el\u00e9ctrica durante cerca de 24 horas. Los ciudadanos alegaron que la Comisi\u00f3n Federal de Electricidad no les ha dado la cara, desde que les se\u00f1alaron en la [&hellip;]<\/p>\n","protected":false},"author":1,"featured_media":27865,"comment_status":"open","ping_status":"closed","sticky":false,"template":"","format":"standard","meta":{"footnotes":""},"categories":[4],"tags":[],"class_list":["post-27863","post","type-post","status-publish","format-standard","has-post-thumbnail","hentry","category-local"],"_links":{"self":[{"href":"https:\/\/solidaridadnews.com\/index.php?rest_route=\/wp\/v2\/posts\/27863","targetHints":{"allow":["GET"]}}],"collection":[{"href":"https:\/\/solidaridadnews.com\/index.php?rest_route=\/wp\/v2\/posts"}],"about":[{"href":"https:\/\/solidaridadnews.com\/index.php?rest_route=\/wp\/v2\/types\/post"}],"author":[{"embeddable":true,"href":"https:\/\/solidaridadnews.com\/index.php?rest_route=\/wp\/v2\/users\/1"}],"replies":[{"embeddable":true,"href":"https:\/\/solidaridadnews.com\/index.php?rest_route=%2Fwp%2Fv2%2Fcomments&post=27863"}],"version-history":[{"count":1,"href":"https:\/\/solidaridadnews.com\/index.php?rest_route=\/wp\/v2\/posts\/27863\/revisions"}],"predecessor-version":[{"id":27864,"href":"https:\/\/solidaridadnews.com\/index.php?rest_route=\/wp\/v2\/posts\/27863\/revisions\/27864"}],"wp:featuredmedia":[{"embeddable":true,"href":"https:\/\/solidaridadnews.com\/index.php?rest_route=\/wp\/v2\/media\/27865"}],"wp:attachment":[{"href":"https:\/\/solidaridadnews.com\/index.php?rest_route=%2Fwp%2Fv2%2Fmedia&parent=27863"}],"wp:term":[{"taxonomy":"category","embeddable":true,"href":"https:\/\/solidaridadnews.com\/index.php?rest_route=%2Fwp%2Fv2%2Fcategories&post=27863"},{"taxonomy":"post_tag","embeddable":true,"href":"https:\/\/solidaridadnews.com\/index.php?rest_route=%2Fwp%2Fv2%2Ftags&post=27863"}],"curies":[{"name":"wp","href":"https:\/\/api.w.org\/{rel}","templated":true}]}}