{"id":27860,"date":"2023-07-20T15:39:00","date_gmt":"2023-07-20T20:39:00","guid":{"rendered":"https:\/\/solidaridadnews.com\/?p=27860"},"modified":"2023-07-20T20:39:02","modified_gmt":"2023-07-20T20:39:02","slug":"diversifican-turismo-en-playa-del-carmen-con-conciertos-musicales","status":"publish","type":"post","link":"https:\/\/solidaridadnews.com\/?p=27860","title":{"rendered":"Diversifican turismo en Playa del Carmen con conciertos musicales"},"content":{"rendered":"<p>Muchos empresarios en Solidaridad han comenzado a apostarle a la industria del entretenimiento, como una manera de diversificar la oferta tur\u00edstica y competir con Canc\u00fan en este rubro, indic\u00f3 Samaria Angulo Salas, secretaria municipal de Turismo.<\/p>\n<p>En entrevista, la funcionaria indic\u00f3 que hay diversos conciertos musicales programados en el municipio, los que son promovidos en los m\u00f3dulos tur\u00edsticos, las redes sociales y las gu\u00edas tur\u00edsticas de la secretar\u00eda, como una oferta m\u00e1s para los visitantes.<\/p>\n<p>Detall\u00f3 que el hotel Mayacob\u00e1, a trav\u00e9s de una empresa de entretenimiento, realizar\u00e1 un concierto en agosto donde se presentar\u00e1 Alejandro Fern\u00e1ndez, lo que generar\u00e1 el arribo de m\u00e1s visitantes, adem\u00e1s de los programados por el Ayuntamiento como parte de las actividades del aniversario de la ciudad.<\/p>\n<p>\u201cEsto es un plus adicional a la diversificaci\u00f3n, cuando el turista est\u00e1 aqu\u00ed se entera de estos eventos y va a disfrutarlo\u201d, expres\u00f3.<\/p>\n<p>Samaria Angulo resalt\u00f3 las expectativas de ocupaci\u00f3n para este periodo vacacional son del 95% entre los meses de julio y agosto y con este tipo de eventos, ayudar\u00e1 a tener m\u00e1s cuartos de hotel ocupados.<\/p>\n<p>Se estima el arribo de 700 mil turistas al destino del 15 de junio al 15 de agosto, quienes en promedio gasta al d\u00eda alrededor de 500 d\u00f3lares, por lo que esperan que la econom\u00eda de todos los sectores que trabajan con el turismo se vea beneficiada.<\/p>\n<p>Indic\u00f3 que por el momento los grandes hoteles ya tienen sus reservaciones hechas y est\u00e1n casi al 90% de ocupaci\u00f3n.<\/p>\n<p>Los peque\u00f1os hoteles son los que han tenido un poco de merma, debido a las 13 mil ofertas de rentas vacacionales que hay en Riviera Maya, lo cual impacta un poco a los hoteles del centro que dan otro tipo de servicio.<\/p>\n","protected":false},"excerpt":{"rendered":"<p>Muchos empresarios en Solidaridad han comenzado a apostarle a la industria del entretenimiento, como una manera de diversificar la oferta tur\u00edstica y competir con Canc\u00fan en este rubro, indic\u00f3 Samaria Angulo Salas, secretaria municipal de Turismo. En entrevista, la funcionaria indic\u00f3 que hay diversos conciertos musicales programados en el municipio, los que son promovidos en [&hellip;]<\/p>\n","protected":false},"author":1,"featured_media":27862,"comment_status":"open","ping_status":"closed","sticky":false,"template":"","format":"standard","meta":{"footnotes":""},"categories":[4],"tags":[],"class_list":["post-27860","post","type-post","status-publish","format-standard","has-post-thumbnail","hentry","category-local"],"_links":{"self":[{"href":"https:\/\/solidaridadnews.com\/index.php?rest_route=\/wp\/v2\/posts\/27860","targetHints":{"allow":["GET"]}}],"collection":[{"href":"https:\/\/solidaridadnews.com\/index.php?rest_route=\/wp\/v2\/posts"}],"about":[{"href":"https:\/\/solidaridadnews.com\/index.php?rest_route=\/wp\/v2\/types\/post"}],"author":[{"embeddable":true,"href":"https:\/\/solidaridadnews.com\/index.php?rest_route=\/wp\/v2\/users\/1"}],"replies":[{"embeddable":true,"href":"https:\/\/solidaridadnews.com\/index.php?rest_route=%2Fwp%2Fv2%2Fcomments&post=27860"}],"version-history":[{"count":1,"href":"https:\/\/solidaridadnews.com\/index.php?rest_route=\/wp\/v2\/posts\/27860\/revisions"}],"predecessor-version":[{"id":27861,"href":"https:\/\/solidaridadnews.com\/index.php?rest_route=\/wp\/v2\/posts\/27860\/revisions\/27861"}],"wp:featuredmedia":[{"embeddable":true,"href":"https:\/\/solidaridadnews.com\/index.php?rest_route=\/wp\/v2\/media\/27862"}],"wp:attachment":[{"href":"https:\/\/solidaridadnews.com\/index.php?rest_route=%2Fwp%2Fv2%2Fmedia&parent=27860"}],"wp:term":[{"taxonomy":"category","embeddable":true,"href":"https:\/\/solidaridadnews.com\/index.php?rest_route=%2Fwp%2Fv2%2Fcategories&post=27860"},{"taxonomy":"post_tag","embeddable":true,"href":"https:\/\/solidaridadnews.com\/index.php?rest_route=%2Fwp%2Fv2%2Ftags&post=27860"}],"curies":[{"name":"wp","href":"https:\/\/api.w.org\/{rel}","templated":true}]}}