{"id":27821,"date":"2023-07-19T16:19:53","date_gmt":"2023-07-19T21:19:53","guid":{"rendered":"https:\/\/solidaridadnews.com\/?p=27821"},"modified":"2023-07-19T21:19:55","modified_gmt":"2023-07-19T21:19:55","slug":"otorga-el-imss-becas-a-hermanos-de-aitana-en-playa-del-carmen","status":"publish","type":"post","link":"https:\/\/solidaridadnews.com\/?p=27821","title":{"rendered":"Otorga el IMSS becas a hermanos de Aitana en Playa del Carmen"},"content":{"rendered":"<p class=\"ql-align-justify\">El IMSS Quintana Roo brindar\u00e1 algunos recursos como becas, acompa\u00f1amiento, asistencia m\u00e9dica a la familia de Aitana luego de un accidente en Playa del Carmen donde una menor de seis a\u00f1os fue aplastada por un ascensor en un elevador en hospital de la zona 18.<\/p>\n<p class=\"ql-align-justify\">Explic\u00f3 que la beca educativa es para sus hermanos de 17 y 20 a\u00f1os, as\u00ed como medidas econ\u00f3micas dirigidas al \u00e1mbito emocional y medidas econ\u00f3micas dirigidas al sector material.<\/p>\n<p class=\"ql-align-justify\">Por su parte, Zo\u00e9 Robledo titular del IMSS coment\u00f3 que despu\u00e9s de que se aprob\u00f3 el acuerdo el domingo 16 de julio, fue a Tinum, Yucat\u00e1n, para reunirse con el Sr. Patricio y la Sra. Karina, los padres de Aitana, el lunes.<\/p>\n<p class=\"ql-align-justify\">Explic\u00f3 que durante la visita, Don Patricio, el padre de Aitana, le dijo algo \u00abmuy importante\u00bb que tendr\u00eda en cuenta. Insisti\u00f3 en que se debe conocer la verdad sobre la causa de lo ocurrido. Debe haber justicia, debe haber rendici\u00f3n de cuentas, debe haber medidas para evitar que eso vuelva a suceder. Agregaron que se hab\u00eda iniciado una investigaci\u00f3n interna sobre los hechos de ese d\u00eda, incluso horas antes del accidente, cuando el t\u00e9cnico de servicio fue hospitalizado.<\/p>\n<p class=\"ql-align-justify\">Agreg\u00f3 que se investiga la compra de ascensores HITRA, realizada en 2016, y que fue esta marca la que provoc\u00f3 el accidente. Esto no quedar\u00e1 impune, asegur\u00f3 Zo\u00e9 Robledo, titular del IMSS.<\/p>\n","protected":false},"excerpt":{"rendered":"<p>El IMSS Quintana Roo brindar\u00e1 algunos recursos como becas, acompa\u00f1amiento, asistencia m\u00e9dica a la familia de Aitana luego de un accidente en Playa del Carmen donde una menor de seis a\u00f1os fue aplastada por un ascensor en un elevador en hospital de la zona 18. Explic\u00f3 que la beca educativa es para sus hermanos de [&hellip;]<\/p>\n","protected":false},"author":1,"featured_media":27823,"comment_status":"open","ping_status":"closed","sticky":false,"template":"","format":"standard","meta":{"footnotes":""},"categories":[4],"tags":[],"class_list":["post-27821","post","type-post","status-publish","format-standard","has-post-thumbnail","hentry","category-local"],"_links":{"self":[{"href":"https:\/\/solidaridadnews.com\/index.php?rest_route=\/wp\/v2\/posts\/27821","targetHints":{"allow":["GET"]}}],"collection":[{"href":"https:\/\/solidaridadnews.com\/index.php?rest_route=\/wp\/v2\/posts"}],"about":[{"href":"https:\/\/solidaridadnews.com\/index.php?rest_route=\/wp\/v2\/types\/post"}],"author":[{"embeddable":true,"href":"https:\/\/solidaridadnews.com\/index.php?rest_route=\/wp\/v2\/users\/1"}],"replies":[{"embeddable":true,"href":"https:\/\/solidaridadnews.com\/index.php?rest_route=%2Fwp%2Fv2%2Fcomments&post=27821"}],"version-history":[{"count":1,"href":"https:\/\/solidaridadnews.com\/index.php?rest_route=\/wp\/v2\/posts\/27821\/revisions"}],"predecessor-version":[{"id":27822,"href":"https:\/\/solidaridadnews.com\/index.php?rest_route=\/wp\/v2\/posts\/27821\/revisions\/27822"}],"wp:featuredmedia":[{"embeddable":true,"href":"https:\/\/solidaridadnews.com\/index.php?rest_route=\/wp\/v2\/media\/27823"}],"wp:attachment":[{"href":"https:\/\/solidaridadnews.com\/index.php?rest_route=%2Fwp%2Fv2%2Fmedia&parent=27821"}],"wp:term":[{"taxonomy":"category","embeddable":true,"href":"https:\/\/solidaridadnews.com\/index.php?rest_route=%2Fwp%2Fv2%2Fcategories&post=27821"},{"taxonomy":"post_tag","embeddable":true,"href":"https:\/\/solidaridadnews.com\/index.php?rest_route=%2Fwp%2Fv2%2Ftags&post=27821"}],"curies":[{"name":"wp","href":"https:\/\/api.w.org\/{rel}","templated":true}]}}