{"id":27769,"date":"2023-07-18T15:45:55","date_gmt":"2023-07-18T20:45:55","guid":{"rendered":"https:\/\/solidaridadnews.com\/?p=27769"},"modified":"2023-07-18T20:45:56","modified_gmt":"2023-07-18T20:45:56","slug":"entrena-mexico-sub-17-de-basquet-en-playa-del-carmen","status":"publish","type":"post","link":"https:\/\/solidaridadnews.com\/?p=27769","title":{"rendered":"Entrena M\u00e9xico Sub-17 de Basquet en Playa del Carmen"},"content":{"rendered":"<ul>\n<li><strong><em>La Selecci\u00f3n Mexicana de Basquetbol Sub-17 de la Asociaci\u00f3n Deportiva Mexicana de Basquetbol (ADEMEBA) entrenar\u00e1 en Playa del Carmen.<\/em><\/strong><\/li>\n<\/ul>\n<p>La Selecci\u00f3n Mexicana de Basquetbol Sub-17 de la Asociaci\u00f3n Deportiva Mexicana de Basquetbol (ADEMEBA) entrenar\u00e1 en Playa del Carmen, previo a su participaci\u00f3n en el Campeonato de Centrobasket de la categor\u00eda, que se realizar\u00e1 en Belice, del 26 al 30 de julio, y reparte plazas para el Campeonato FIBA Am\u00e9ricas 2024.<\/p>\n<p>El entrenador del equipo mexicano, Juan Alberto L\u00f3pez explic\u00f3 que el entrenamiento en Playa del Carmen ser\u00e1 a dos sesiones en el Poliforum, de 11 a 13 horas y de 18 a 20 horas. Adem\u00e1s tendr\u00e1n dos partidos de preparaci\u00f3n con equipos de la ciudad, el mi\u00e9rcoles 19 y el viernes 21 de julio.<\/p>\n<p>M\u00e9xico forma parte del Grupo B en el Centrobasket, donde jugar\u00e1 contra Costa Rica, El Salvador y Rep\u00fablica Dominicana en la primera ronda. Los primeros dos de cada sector avanzan a las Semifinales, los equipos que lleguen a la Final tendr\u00e1n su lugar asegurado para el torneo FIBA Am\u00e9ricas del pr\u00f3ximo a\u00f1o.<\/p>\n<p>La selecci\u00f3n fue subcampeona de este certamen en 2021, tras caer ante Puerto Rico en la Final.<\/p>\n<p>Jos\u00e9 Luis Ba\u00f1os, presidente de las selecciones nacionales de ADEMEBA, mencion\u00f3 que eligieron Playa del Carmen para realizar su concentraci\u00f3n para el torneo debido a la cercan\u00eda con la sede del Centrobasket y agradeci\u00f3 al municipio de Solidaridad y la alcaldesa Lili Campos por la confianza para usar las instalaciones.<\/p>\n<p>Amador Guti\u00e9rrez Guigui, titular del Instituto del Deporte Municipal, recibi\u00f3 a la selecci\u00f3n y comparti\u00f3 los saludos de la presidente municipal, adem\u00e1s de desearles \u00e9xitos en sus pr\u00f3ximos partidos.<\/p>\n","protected":false},"excerpt":{"rendered":"<p>La Selecci\u00f3n Mexicana de Basquetbol Sub-17 de la Asociaci\u00f3n Deportiva Mexicana de Basquetbol (ADEMEBA) entrenar\u00e1 en Playa del Carmen. La Selecci\u00f3n Mexicana de Basquetbol Sub-17 de la Asociaci\u00f3n Deportiva Mexicana de Basquetbol (ADEMEBA) entrenar\u00e1 en Playa del Carmen, previo a su participaci\u00f3n en el Campeonato de Centrobasket de la categor\u00eda, que se realizar\u00e1 en Belice, [&hellip;]<\/p>\n","protected":false},"author":1,"featured_media":27771,"comment_status":"open","ping_status":"closed","sticky":false,"template":"","format":"standard","meta":{"footnotes":""},"categories":[6],"tags":[],"class_list":["post-27769","post","type-post","status-publish","format-standard","has-post-thumbnail","hentry","category-deportes"],"_links":{"self":[{"href":"https:\/\/solidaridadnews.com\/index.php?rest_route=\/wp\/v2\/posts\/27769","targetHints":{"allow":["GET"]}}],"collection":[{"href":"https:\/\/solidaridadnews.com\/index.php?rest_route=\/wp\/v2\/posts"}],"about":[{"href":"https:\/\/solidaridadnews.com\/index.php?rest_route=\/wp\/v2\/types\/post"}],"author":[{"embeddable":true,"href":"https:\/\/solidaridadnews.com\/index.php?rest_route=\/wp\/v2\/users\/1"}],"replies":[{"embeddable":true,"href":"https:\/\/solidaridadnews.com\/index.php?rest_route=%2Fwp%2Fv2%2Fcomments&post=27769"}],"version-history":[{"count":1,"href":"https:\/\/solidaridadnews.com\/index.php?rest_route=\/wp\/v2\/posts\/27769\/revisions"}],"predecessor-version":[{"id":27770,"href":"https:\/\/solidaridadnews.com\/index.php?rest_route=\/wp\/v2\/posts\/27769\/revisions\/27770"}],"wp:featuredmedia":[{"embeddable":true,"href":"https:\/\/solidaridadnews.com\/index.php?rest_route=\/wp\/v2\/media\/27771"}],"wp:attachment":[{"href":"https:\/\/solidaridadnews.com\/index.php?rest_route=%2Fwp%2Fv2%2Fmedia&parent=27769"}],"wp:term":[{"taxonomy":"category","embeddable":true,"href":"https:\/\/solidaridadnews.com\/index.php?rest_route=%2Fwp%2Fv2%2Fcategories&post=27769"},{"taxonomy":"post_tag","embeddable":true,"href":"https:\/\/solidaridadnews.com\/index.php?rest_route=%2Fwp%2Fv2%2Ftags&post=27769"}],"curies":[{"name":"wp","href":"https:\/\/api.w.org\/{rel}","templated":true}]}}