{"id":27742,"date":"2023-07-17T16:34:09","date_gmt":"2023-07-17T21:34:09","guid":{"rendered":"https:\/\/solidaridadnews.com\/?p=27742"},"modified":"2023-07-17T21:34:10","modified_gmt":"2023-07-17T21:34:10","slug":"playa-del-carmen-registra-buena-promocion-turistica-para-esta-temporada-de-verano","status":"publish","type":"post","link":"https:\/\/solidaridadnews.com\/?p=27742","title":{"rendered":"Playa del Carmen registra buena promoci\u00f3n tur\u00edstica para esta temporada de verano"},"content":{"rendered":"<p class=\"ql-align-justify\">Actualmente peque\u00f1os hoteles del centro de Playa del Carmen registran una ocupaci\u00f3n promedio del 70%, al inicio la temporada vacacional, lo anterior fue informando por Ofner Arjona, Presidente de la Asociaci\u00f3n de peque\u00f1os Hoteles en Playa del Carmen.<\/p>\n<p class=\"ql-align-justify\">Explic\u00f3 que, si bien son porcentajes diferentes a los grandes Hoteles todo incluido, contin\u00faan trabajando en reforzar la promoci\u00f3n tur\u00edstica para recibir turistas nacionales e internacionales en este periodo vacacional.<\/p>\n<p class=\"ql-align-justify\">Ofner Arjona, detall\u00f3 que hay una ligera afectaci\u00f3n en la temporada, toda vez de que la Secretar\u00eda de educaci\u00f3n P\u00fablica no daba las fechas exactas para iniciar el periodo vacacional lo que podr\u00eda ocasionar que el mercado retrase un poco el su per\u00edodo vacacional.<\/p>\n","protected":false},"excerpt":{"rendered":"<p>Actualmente peque\u00f1os hoteles del centro de Playa del Carmen registran una ocupaci\u00f3n promedio del 70%, al inicio la temporada vacacional, lo anterior fue informando por Ofner Arjona, Presidente de la Asociaci\u00f3n de peque\u00f1os Hoteles en Playa del Carmen. Explic\u00f3 que, si bien son porcentajes diferentes a los grandes Hoteles todo incluido, contin\u00faan trabajando en reforzar [&hellip;]<\/p>\n","protected":false},"author":1,"featured_media":27744,"comment_status":"open","ping_status":"closed","sticky":false,"template":"","format":"standard","meta":{"footnotes":""},"categories":[4],"tags":[],"class_list":["post-27742","post","type-post","status-publish","format-standard","has-post-thumbnail","hentry","category-local"],"_links":{"self":[{"href":"https:\/\/solidaridadnews.com\/index.php?rest_route=\/wp\/v2\/posts\/27742","targetHints":{"allow":["GET"]}}],"collection":[{"href":"https:\/\/solidaridadnews.com\/index.php?rest_route=\/wp\/v2\/posts"}],"about":[{"href":"https:\/\/solidaridadnews.com\/index.php?rest_route=\/wp\/v2\/types\/post"}],"author":[{"embeddable":true,"href":"https:\/\/solidaridadnews.com\/index.php?rest_route=\/wp\/v2\/users\/1"}],"replies":[{"embeddable":true,"href":"https:\/\/solidaridadnews.com\/index.php?rest_route=%2Fwp%2Fv2%2Fcomments&post=27742"}],"version-history":[{"count":1,"href":"https:\/\/solidaridadnews.com\/index.php?rest_route=\/wp\/v2\/posts\/27742\/revisions"}],"predecessor-version":[{"id":27743,"href":"https:\/\/solidaridadnews.com\/index.php?rest_route=\/wp\/v2\/posts\/27742\/revisions\/27743"}],"wp:featuredmedia":[{"embeddable":true,"href":"https:\/\/solidaridadnews.com\/index.php?rest_route=\/wp\/v2\/media\/27744"}],"wp:attachment":[{"href":"https:\/\/solidaridadnews.com\/index.php?rest_route=%2Fwp%2Fv2%2Fmedia&parent=27742"}],"wp:term":[{"taxonomy":"category","embeddable":true,"href":"https:\/\/solidaridadnews.com\/index.php?rest_route=%2Fwp%2Fv2%2Fcategories&post=27742"},{"taxonomy":"post_tag","embeddable":true,"href":"https:\/\/solidaridadnews.com\/index.php?rest_route=%2Fwp%2Fv2%2Ftags&post=27742"}],"curies":[{"name":"wp","href":"https:\/\/api.w.org\/{rel}","templated":true}]}}