{"id":27661,"date":"2023-07-15T15:00:09","date_gmt":"2023-07-15T20:00:09","guid":{"rendered":"https:\/\/solidaridadnews.com\/?p=27661"},"modified":"2023-07-15T12:40:56","modified_gmt":"2023-07-15T12:40:56","slug":"atrae-fgr-caso-de-muerte-de-nina-en-playa-del-carmen","status":"publish","type":"post","link":"https:\/\/solidaridadnews.com\/?p=27661","title":{"rendered":"Atrae FGR caso de muerte de ni\u00f1a en Playa del Carmen"},"content":{"rendered":"<p>Por tratarse de un hecho en un organismo descentralizado federal, la Fiscal\u00eda General del la Rep\u00fablica (FGR) atrajo las investigaciones del accidente en el que falleci\u00f3 Aitana, de seis a\u00f1os, por fallas en un elevador del Hospital General de Zona 18, del Instituto Mexicano del Seguro Social (IMSS) en esta ciudad, dio a conocer el fiscal interino del estado, Raciel L\u00f3pez Salazar.<\/p>\n<p>A su vez, la Comisi\u00f3n Nacional de los Derechos Humanos (CNDH) inform\u00f3 que, en coordinaci\u00f3n con su hom\u00f3loga estatal, hace labores de investigaci\u00f3n sobre el deceso de la menor, con el fin de iniciar la queja correspondiente y brindar el apoyo necesario a los familiares.<\/p>\n<p>L\u00f3pez Salazar se\u00f1al\u00f3 que la fiscal\u00eda del estado coadyuvar\u00e1 en todo momento con la general para el esclarecimiento del hecho el pasado d\u00eda 10 de julio en dicho hospital, donde por una falla en el ascensor, la ni\u00f1a qued\u00f3 prensada y muri\u00f3.<\/p>\n<p>El responsable de la Fiscal\u00eda General del Estado explic\u00f3 que despu\u00e9s de un an\u00e1lisis t\u00e9cnico y jur\u00eddico de la carpeta de investigaci\u00f3n, se determin\u00f3 que, de acuerdo con el art\u00edculo 5 de la Ley del Seguro Social y en relaci\u00f3n a las leyes federales aplicables, el deceso de la peque\u00f1a es un delito de competencia federal.<\/p>\n<p>\u201cColaboraremos en todo lo necesario con las autoridades federales, a fin de que las investigaciones avancen, y el o los responsables de este lamentable suceso sean sancionados conforme a la ley\u201d, enfatiz\u00f3 L\u00f3pez Salazar.<\/p>\n<p>Agreg\u00f3 que la concesi\u00f3n del servicio de mantenimiento de los elevadores en el IMSS es de \u00edndole federal, por lo que la Fiscal\u00eda General de la Rep\u00fablica seguir\u00e1 conduciendo el caso.<\/p>\n<p>La CNDH, en tanto, detall\u00f3 que para los trabajos de investigaci\u00f3n y documentaci\u00f3n ha entablado comunicaci\u00f3n con la Direcci\u00f3n de Derechos Humanos de la fiscal\u00eda de Quintana Roo, a efecto de indagar respecto a las carpetas iniciadas en el fuero com\u00fan.<\/p>\n<p>Expuso que tambi\u00e9n enviaron solicitudes de informaci\u00f3n a la Coordinaci\u00f3n de Atenci\u00f3n a Quejas y Casos Especiales en el IMSS y al director general Zo\u00e9 Robledo.<\/p>\n","protected":false},"excerpt":{"rendered":"<p>Por tratarse de un hecho en un organismo descentralizado federal, la Fiscal\u00eda General del la Rep\u00fablica (FGR) atrajo las investigaciones del accidente en el que falleci\u00f3 Aitana, de seis a\u00f1os, por fallas en un elevador del Hospital General de Zona 18, del Instituto Mexicano del Seguro Social (IMSS) en esta ciudad, dio a conocer el [&hellip;]<\/p>\n","protected":false},"author":1,"featured_media":27663,"comment_status":"open","ping_status":"closed","sticky":false,"template":"","format":"standard","meta":{"footnotes":""},"categories":[4],"tags":[],"class_list":["post-27661","post","type-post","status-publish","format-standard","has-post-thumbnail","hentry","category-local"],"_links":{"self":[{"href":"https:\/\/solidaridadnews.com\/index.php?rest_route=\/wp\/v2\/posts\/27661","targetHints":{"allow":["GET"]}}],"collection":[{"href":"https:\/\/solidaridadnews.com\/index.php?rest_route=\/wp\/v2\/posts"}],"about":[{"href":"https:\/\/solidaridadnews.com\/index.php?rest_route=\/wp\/v2\/types\/post"}],"author":[{"embeddable":true,"href":"https:\/\/solidaridadnews.com\/index.php?rest_route=\/wp\/v2\/users\/1"}],"replies":[{"embeddable":true,"href":"https:\/\/solidaridadnews.com\/index.php?rest_route=%2Fwp%2Fv2%2Fcomments&post=27661"}],"version-history":[{"count":1,"href":"https:\/\/solidaridadnews.com\/index.php?rest_route=\/wp\/v2\/posts\/27661\/revisions"}],"predecessor-version":[{"id":27662,"href":"https:\/\/solidaridadnews.com\/index.php?rest_route=\/wp\/v2\/posts\/27661\/revisions\/27662"}],"wp:featuredmedia":[{"embeddable":true,"href":"https:\/\/solidaridadnews.com\/index.php?rest_route=\/wp\/v2\/media\/27663"}],"wp:attachment":[{"href":"https:\/\/solidaridadnews.com\/index.php?rest_route=%2Fwp%2Fv2%2Fmedia&parent=27661"}],"wp:term":[{"taxonomy":"category","embeddable":true,"href":"https:\/\/solidaridadnews.com\/index.php?rest_route=%2Fwp%2Fv2%2Fcategories&post=27661"},{"taxonomy":"post_tag","embeddable":true,"href":"https:\/\/solidaridadnews.com\/index.php?rest_route=%2Fwp%2Fv2%2Ftags&post=27661"}],"curies":[{"name":"wp","href":"https:\/\/api.w.org\/{rel}","templated":true}]}}