{"id":27637,"date":"2023-07-14T15:33:36","date_gmt":"2023-07-14T20:33:36","guid":{"rendered":"https:\/\/solidaridadnews.com\/?p=27637"},"modified":"2023-07-14T20:33:37","modified_gmt":"2023-07-14T20:33:37","slug":"autoridades-de-quintana-roo-rescataron-a-20-menores-que-eran-explotados-en-playa-del-carmen","status":"publish","type":"post","link":"https:\/\/solidaridadnews.com\/?p=27637","title":{"rendered":"Autoridades de Quintana Roo rescataron a 20 menores que eran explotados en Playa del Carmen"},"content":{"rendered":"<h4 class=\"d23-article-subheadline left \" style=\"text-align: center;\">Los infantes originarios de Chiapas fueron encontrados sucios y con desnutrici\u00f3n<\/h4>\n<div class=\"d23-byline\">\n<p class=\"paragraph\" data-mrf-recirculation=\"Links inline\">Elementos de la Secretar\u00eda de Seguridad Ciudadana (SSC) de<b>\u00a0Quintana Roo rescataron a 20 menores<\/b>\u00a0de edad que eran v\u00edctimas de<b>\u00a0trata de personas<\/b>\u00a0<b>en Playa del Carmen<\/b>, uno de los destinos tur\u00edsticos m\u00e1s importantes del pa\u00eds.<\/p>\n<p class=\"paragraph\" data-mrf-recirculation=\"Links inline\">A trav\u00e9s de un comunicado de la\u00a0<b>Fiscal\u00eda General del Estado<\/b>\u00a0(FGEQ), se detall\u00f3 este jueves que, las ni\u00f1as, ni\u00f1os y adolescentes,\u00a0<b>son originarios del estado de Chiapas<\/b>, donde fueron reclutados bajo la promesa de trabajo y de una mejor vida para ellos y sus familiares, pues les aseguraron que el dinero que ganar\u00edan iba a ser enviado a sus padres o se los guardar\u00edan.<\/p>\n<div class=\"inline ad-wrapper\">\n<div class=\"dfpAd ad-inline\"><\/div>\n<\/div>\n<p class=\"paragraph\" data-mrf-recirculation=\"Links inline\">Sin embargo, los infantes\u00a0<b>trabajaban jornadas de 08:00 a 20:00 horas sin ning\u00fan pago<\/b>, vendiendo marquesitas, raspados, cinturones y otros productos, en las calles del centro del municipio de Solidaridad.<\/p>\n<p class=\"paragraph\" data-mrf-recirculation=\"Links inline\">Incluso, se detall\u00f3 que<b>\u00a0no se les permit\u00eda tener comunicaci\u00f3n con sus padres\u00a0<\/b>y cuando preguntaban por su dinero les dec\u00edan que ya lo hab\u00edan enviado a sus familiares, indic\u00f3 la instituci\u00f3n.<\/p>\n<div class=\"d23-recommended-card__info\">\n<p class=\"paragraph\" data-mrf-recirculation=\"Links inline\">Fue gracias a las denuncias interpuestas por dos de las v\u00edctimas y labores de investigaci\u00f3n, lo que permitieron ubicar los\u00a0<b>dos cuartos de una vecindad de la colonia Centro<\/b>, donde permanec\u00edan cautivos.<\/p>\n<p class=\"paragraph\" data-mrf-recirculation=\"Links inline\">A los cuartos cateados arribaron agentes de la Unidad de Investigaci\u00f3n Especializada en Delitos de Trata y Explotaci\u00f3n de Ni\u00f1as, Ni\u00f1os y Adolescentes, as\u00ed como del Grupo de Coordinaci\u00f3n para la Construcci\u00f3n de Paz y Seguridad de Quintana Roo.<\/p>\n<p class=\"paragraph\" data-mrf-recirculation=\"Links inline\">Adem\u00e1s, se encontraron varios cuadernos que conten\u00edan escritos con nombres y diversas anotaciones. Al t\u00e9rmino de la diligencia\u00a0<b>se colocaron los sellos oficiales<\/b>, los cuales indican que el lugar est\u00e1 asegurado.<\/p>\n<p class=\"paragraph\" data-mrf-recirculation=\"Links inline\">Sobre los menores, se determin\u00f3 que estaban en malas condiciones:\u00a0<b>\u201csucios, mal vestidos y con apariencia de desnutrici\u00f3n\u201d, se lee en el comunicado.<\/b><\/p>\n<p class=\"paragraph\" data-mrf-recirculation=\"Links inline\">Los infantes fueron puestos bajo el resguardo del Sistema para el Desarrollo Integral de la Familia (<b>DIF<\/b>) de Solidaridad.<\/p>\n<h2 class=\"header d23-headline-class-h2\">La trata de personas de menores en M\u00e9xico<\/h2>\n<p class=\"paragraph\" data-mrf-recirculation=\"Links inline\">De acuerdo con el Instituto Nacional de Estad\u00edstica y Geograf\u00eda (<b>INEGI<\/b>), durante la administraci\u00f3n del presidente\u00a0<b>Andr\u00e9s Manuel L\u00f3pez Obrador<\/b>\u00a0(de enero de 2019 a enero de 2023), el n\u00famero de personas de 0 a 17 a\u00f1os que han sido v\u00edctimas de trata de personas en el pa\u00eds se ha elevado a\u00a0<b>mil 317 casos<\/b>: 980 mujeres y 337 hombres.<\/p>\n<p class=\"paragraph\" data-mrf-recirculation=\"Links inline\">La trata de personas de 0 a 17 a\u00f1os es un delito que\u00a0<b>afecta mayormente a las mujeres<\/b>, que son v\u00edctimas del 73.2% de los casos reportados a nivel nacional de enero de 2015 a enero de 2023. Adicionalmente, el 33.2% de las v\u00edctimas de trata de personas en M\u00e9xico durante el mismo periodo eran ni\u00f1as, ni\u00f1os y adolescentes, un porcentaje que es inclusive mayor al de la proporci\u00f3n de personas de 0 a 17 a\u00f1os en relaci\u00f3n al total de la poblaci\u00f3n de M\u00e9xico durante 2020 (30.4 por ciento).<\/p>\n<p class=\"paragraph\" data-mrf-recirculation=\"Links inline\">Las entidades en las que se han registrado m\u00e1s v\u00edctimas de trata de personas de entre 0 y 17 a\u00f1os en enero de 2023 han sido<b>\u00a0Sinaloa, Ciudad de M\u00e9xico y Nuevo Le\u00f3n.<\/b><\/p>\n<p class=\"paragraph\" data-mrf-recirculation=\"Links inline\">En M\u00e9xico existe una Fiscal\u00eda Especial para los Delitos de Violencia Contra las Mujeres y Trata de Personas (<a href=\"https:\/\/www.gob.mx\/fgr\/acciones-y-programas\/fiscalia-especial-para-los-delitos-de-violencia-contra-las-mujeres-y-trata-de-personas\" rel=\"noopener noreferrer\" data-mrf-link=\"https:\/\/www.gob.mx\/fgr\/acciones-y-programas\/fiscalia-especial-para-los-delitos-de-violencia-contra-las-mujeres-y-trata-de-personas\">FEVIMTRA<\/a>) y puede recibir denuncias an\u00f3nimas por tel\u00e9fono\u00a0<b>correo electr\u00f3nico<\/b>\u00a0en el caso de delitos graves, como la trata de personas a trav\u00e9s de su p\u00e1gina al\u00a0<b>55 5346 2516<\/b>\u00a0\/\u00a0<a href=\"mailto:fevimtra@pgr.gob.mx\" rel=\"noopener noreferrer\">fevimtra@pgr.gob.mx<\/a><\/p>\n<p class=\"paragraph\" data-mrf-recirculation=\"Links inline\">La FEVIMTRA\u00a0<b>est\u00e1 disponible las 24 horas del d\u00eda<\/b>, los 365 d\u00edas del a\u00f1o.<\/p>\n<\/div>\n<\/div>\n","protected":false},"excerpt":{"rendered":"<p>Los infantes originarios de Chiapas fueron encontrados sucios y con desnutrici\u00f3n Elementos de la Secretar\u00eda de Seguridad Ciudadana (SSC) de\u00a0Quintana Roo rescataron a 20 menores\u00a0de edad que eran v\u00edctimas de\u00a0trata de personas\u00a0en Playa del Carmen, uno de los destinos tur\u00edsticos m\u00e1s importantes del pa\u00eds. A trav\u00e9s de un comunicado de la\u00a0Fiscal\u00eda General del Estado\u00a0(FGEQ), se [&hellip;]<\/p>\n","protected":false},"author":1,"featured_media":27639,"comment_status":"open","ping_status":"closed","sticky":false,"template":"","format":"standard","meta":{"footnotes":""},"categories":[4],"tags":[],"class_list":["post-27637","post","type-post","status-publish","format-standard","has-post-thumbnail","hentry","category-local"],"_links":{"self":[{"href":"https:\/\/solidaridadnews.com\/index.php?rest_route=\/wp\/v2\/posts\/27637","targetHints":{"allow":["GET"]}}],"collection":[{"href":"https:\/\/solidaridadnews.com\/index.php?rest_route=\/wp\/v2\/posts"}],"about":[{"href":"https:\/\/solidaridadnews.com\/index.php?rest_route=\/wp\/v2\/types\/post"}],"author":[{"embeddable":true,"href":"https:\/\/solidaridadnews.com\/index.php?rest_route=\/wp\/v2\/users\/1"}],"replies":[{"embeddable":true,"href":"https:\/\/solidaridadnews.com\/index.php?rest_route=%2Fwp%2Fv2%2Fcomments&post=27637"}],"version-history":[{"count":1,"href":"https:\/\/solidaridadnews.com\/index.php?rest_route=\/wp\/v2\/posts\/27637\/revisions"}],"predecessor-version":[{"id":27638,"href":"https:\/\/solidaridadnews.com\/index.php?rest_route=\/wp\/v2\/posts\/27637\/revisions\/27638"}],"wp:featuredmedia":[{"embeddable":true,"href":"https:\/\/solidaridadnews.com\/index.php?rest_route=\/wp\/v2\/media\/27639"}],"wp:attachment":[{"href":"https:\/\/solidaridadnews.com\/index.php?rest_route=%2Fwp%2Fv2%2Fmedia&parent=27637"}],"wp:term":[{"taxonomy":"category","embeddable":true,"href":"https:\/\/solidaridadnews.com\/index.php?rest_route=%2Fwp%2Fv2%2Fcategories&post=27637"},{"taxonomy":"post_tag","embeddable":true,"href":"https:\/\/solidaridadnews.com\/index.php?rest_route=%2Fwp%2Fv2%2Ftags&post=27637"}],"curies":[{"name":"wp","href":"https:\/\/api.w.org\/{rel}","templated":true}]}}