{"id":27613,"date":"2023-07-13T16:08:07","date_gmt":"2023-07-13T21:08:07","guid":{"rendered":"https:\/\/solidaridadnews.com\/?p=27613"},"modified":"2023-07-13T21:08:08","modified_gmt":"2023-07-13T21:08:08","slug":"con-desnutricion-y-sucios-hallan-a-20-ninos-en-playa-del-carmen-eran-explotados","status":"publish","type":"post","link":"https:\/\/solidaridadnews.com\/?p=27613","title":{"rendered":"Con desnutrici\u00f3n y sucios hallan a 20 ni\u00f1os en Playa del Carmen, eran explotados"},"content":{"rendered":"<p class=\"CreativeWorkPage-subHeadline\">Los 20 ni\u00f1os eran v\u00edctimas de trata y explotaci\u00f3n en Playa del Carmen, Quintana Roo, tienen entre uno y 17 a\u00f1os y son originarios del estado de Chiapas.<\/p>\n<div class=\"ArticlePage-articleBody  eliminar-publicidadEscritorio\">\n<div class=\"RichTextArticleBody\">\n<div class=\"RichTextArticleBody-body\">\n<p>Este jueves 13 de julio,\u00a0<b>20 ni\u00f1os<\/b>, ni\u00f1os y adolescentes de entre uno y 17 a\u00f1os de edad que eran v\u00edctima de\u00a0<b>trata de personas<\/b>\u00a0fueron rescatados en el municipio de Solidaridad,\u00a0<b>Playa del Carmen<\/b>,\u00a0<b>Quintana Roo<\/b>; eran\u00a0<b>explotados<\/b>\u00a0laboralmente y todos son originarios del estado de\u00a0<b>Chiapas<\/b>.<\/p>\n<p>Los\u00a0<b>20 ni\u00f1os<\/b>\u00a0reclutados trabajaban jornadas sin pago desde las ocho de la ma\u00f1ana y hasta las ocho de la noche vendiendo en las calles marquesitas, raspados, cinturones y otros productos; no se les permit\u00eda tener comunicaci\u00f3n con sus padres y cuando preguntaban por su dinero les dec\u00edan que lo hab\u00edan enviado a sus pap\u00e1s.<\/p>\n<p>Por este hecho hay dos personas detenidas, inform\u00f3 la\u00a0<span class=\"Enhancement\"><span class=\"Enhancement-item\">Fiscal\u00eda de Quintana Roo<\/span><\/span>.<\/p>\n<p>La instancia inform\u00f3 que al ejecutar una orden de cateo, la Fiscal\u00eda General del Estado, a trav\u00e9s de la Unidad de Investigaci\u00f3n Especializada en Delitos de Trata y explotaci\u00f3n de Ni\u00f1as, Ni\u00f1os y Adolescentes, logr\u00f3 rescatar a 20 ni\u00f1as, ni\u00f1os y adolescentes originarios de\u00a0<b>Chiapas<\/b>, adem\u00e1s de que en el lugar detuvieron a dos personas.<\/p>\n<p>Estas acciones se llevaron a cabo en colaboraci\u00f3n con el Grupo de Coordinaci\u00f3n para la Construcci\u00f3n de Paz y Seguridad de Quintana Roo, gracias a labores de investigaci\u00f3n, campo y gabinete, as\u00ed como por denuncias interpuestas por dos de los ni\u00f1os, por lo que se llevaron a cabo los trabajos periciales correspondientes.<\/p>\n<\/div>\n<\/div>\n<\/div>\n","protected":false},"excerpt":{"rendered":"<p>Los 20 ni\u00f1os eran v\u00edctimas de trata y explotaci\u00f3n en Playa del Carmen, Quintana Roo, tienen entre uno y 17 a\u00f1os y son originarios del estado de Chiapas. Este jueves 13 de julio,\u00a020 ni\u00f1os, ni\u00f1os y adolescentes de entre uno y 17 a\u00f1os de edad que eran v\u00edctima de\u00a0trata de personas\u00a0fueron rescatados en el municipio [&hellip;]<\/p>\n","protected":false},"author":1,"featured_media":27615,"comment_status":"open","ping_status":"closed","sticky":false,"template":"","format":"standard","meta":{"footnotes":""},"categories":[4],"tags":[],"class_list":["post-27613","post","type-post","status-publish","format-standard","has-post-thumbnail","hentry","category-local"],"_links":{"self":[{"href":"https:\/\/solidaridadnews.com\/index.php?rest_route=\/wp\/v2\/posts\/27613","targetHints":{"allow":["GET"]}}],"collection":[{"href":"https:\/\/solidaridadnews.com\/index.php?rest_route=\/wp\/v2\/posts"}],"about":[{"href":"https:\/\/solidaridadnews.com\/index.php?rest_route=\/wp\/v2\/types\/post"}],"author":[{"embeddable":true,"href":"https:\/\/solidaridadnews.com\/index.php?rest_route=\/wp\/v2\/users\/1"}],"replies":[{"embeddable":true,"href":"https:\/\/solidaridadnews.com\/index.php?rest_route=%2Fwp%2Fv2%2Fcomments&post=27613"}],"version-history":[{"count":1,"href":"https:\/\/solidaridadnews.com\/index.php?rest_route=\/wp\/v2\/posts\/27613\/revisions"}],"predecessor-version":[{"id":27614,"href":"https:\/\/solidaridadnews.com\/index.php?rest_route=\/wp\/v2\/posts\/27613\/revisions\/27614"}],"wp:featuredmedia":[{"embeddable":true,"href":"https:\/\/solidaridadnews.com\/index.php?rest_route=\/wp\/v2\/media\/27615"}],"wp:attachment":[{"href":"https:\/\/solidaridadnews.com\/index.php?rest_route=%2Fwp%2Fv2%2Fmedia&parent=27613"}],"wp:term":[{"taxonomy":"category","embeddable":true,"href":"https:\/\/solidaridadnews.com\/index.php?rest_route=%2Fwp%2Fv2%2Fcategories&post=27613"},{"taxonomy":"post_tag","embeddable":true,"href":"https:\/\/solidaridadnews.com\/index.php?rest_route=%2Fwp%2Fv2%2Ftags&post=27613"}],"curies":[{"name":"wp","href":"https:\/\/api.w.org\/{rel}","templated":true}]}}