{"id":27488,"date":"2023-07-02T22:53:36","date_gmt":"2023-07-03T03:53:36","guid":{"rendered":"https:\/\/solidaridadnews.com\/?p=27488"},"modified":"2023-07-10T03:55:08","modified_gmt":"2023-07-10T03:55:08","slug":"amlo-supervisa-avances-del-aeropuerto-internacional-de-tulum-en-quintana-roo","status":"publish","type":"post","link":"https:\/\/solidaridadnews.com\/?p=27488","title":{"rendered":"AMLO supervisa avances del Aeropuerto Internacional de Tulum en Quintana Roo"},"content":{"rendered":"<div class=\"newsfull__excerpt\">\n<h2>La gobernadora de Quintana Roo, Mara Lezama, comparti\u00f3 fotograf\u00edas del recorrido de supervisi\u00f3n.<\/h2>\n<\/div>\n<div class=\"newsfull__line\">\n<p>El presidente\u00a0<strong>Andr\u00e9s Manuel L\u00f3pez Obrador\u00a0<\/strong>inspeccion\u00f3 los avances en la edificaci\u00f3n del nuevo\u00a0<strong>Aeropuerto Internacional de Tulum \u00abFelipe Carrillo Puerto\u00bb<\/strong>\u00a0en Quintana Roo.<\/p>\n<p>En su tercer d\u00eda de visita por el sureste de M\u00e9xico, como parte de la supervisi\u00f3n de las labores del\u00a0<strong>Tren Maya<\/strong>, el mandatario revis\u00f3 el progreso de este proyecto a cargo de los ingenieros militares.<\/p>\n<p>La gobernadora de Quintana Roo,\u00a0<strong>Mara Lezama<\/strong>, comparti\u00f3\u00a0<strong>fotograf\u00edas del recorrido\u00a0<\/strong>de supervisi\u00f3n a trav\u00e9s de sus redes sociales.<\/p>\n<div>\n<div id=\"twitter-807\" class=\"ck-twitter\">\n<blockquote><p>Durante la visita de nuestro presidente @lopezobrador_ para supervisar las obras del @TrenMayaMX, constatamos el avance en la construcci\u00f3n del nuevo Aeropuerto Internacional de #Tulum \u00abFelipe Carrillo Puerto\u00bb.<\/p><\/blockquote>\n<blockquote><p>Trabajamos para llevar bienestar y prosperidad al sur de nuestro estado, a las comunidades m\u00e1s necesitadas\u00bb, destac\u00f3 la gobernadora.<\/p><\/blockquote>\n<p>El Aeropuerto Internacional de Tulum \u00abFelipe Carrillo Puerto\u00bb es uno de los megaproyectos que el L\u00f3pez Obrador anunci\u00f3 como parte de su administraci\u00f3n presidencial, junto con el pol\u00e9mico Tren Maya y\u00a0<strong>Aeropuerto Internacional F\u00e9lipe \u00c1ngeles (AIFA)<\/strong>.<\/p>\n<\/div>\n<\/div>\n<\/div>\n","protected":false},"excerpt":{"rendered":"<p>La gobernadora de Quintana Roo, Mara Lezama, comparti\u00f3 fotograf\u00edas del recorrido de supervisi\u00f3n. El presidente\u00a0Andr\u00e9s Manuel L\u00f3pez Obrador\u00a0inspeccion\u00f3 los avances en la edificaci\u00f3n del nuevo\u00a0Aeropuerto Internacional de Tulum \u00abFelipe Carrillo Puerto\u00bb\u00a0en Quintana Roo. En su tercer d\u00eda de visita por el sureste de M\u00e9xico, como parte de la supervisi\u00f3n de las labores del\u00a0Tren Maya, el [&hellip;]<\/p>\n","protected":false},"author":1,"featured_media":27490,"comment_status":"open","ping_status":"closed","sticky":false,"template":"","format":"standard","meta":{"footnotes":""},"categories":[4],"tags":[],"class_list":["post-27488","post","type-post","status-publish","format-standard","has-post-thumbnail","hentry","category-local"],"_links":{"self":[{"href":"https:\/\/solidaridadnews.com\/index.php?rest_route=\/wp\/v2\/posts\/27488","targetHints":{"allow":["GET"]}}],"collection":[{"href":"https:\/\/solidaridadnews.com\/index.php?rest_route=\/wp\/v2\/posts"}],"about":[{"href":"https:\/\/solidaridadnews.com\/index.php?rest_route=\/wp\/v2\/types\/post"}],"author":[{"embeddable":true,"href":"https:\/\/solidaridadnews.com\/index.php?rest_route=\/wp\/v2\/users\/1"}],"replies":[{"embeddable":true,"href":"https:\/\/solidaridadnews.com\/index.php?rest_route=%2Fwp%2Fv2%2Fcomments&post=27488"}],"version-history":[{"count":1,"href":"https:\/\/solidaridadnews.com\/index.php?rest_route=\/wp\/v2\/posts\/27488\/revisions"}],"predecessor-version":[{"id":27489,"href":"https:\/\/solidaridadnews.com\/index.php?rest_route=\/wp\/v2\/posts\/27488\/revisions\/27489"}],"wp:featuredmedia":[{"embeddable":true,"href":"https:\/\/solidaridadnews.com\/index.php?rest_route=\/wp\/v2\/media\/27490"}],"wp:attachment":[{"href":"https:\/\/solidaridadnews.com\/index.php?rest_route=%2Fwp%2Fv2%2Fmedia&parent=27488"}],"wp:term":[{"taxonomy":"category","embeddable":true,"href":"https:\/\/solidaridadnews.com\/index.php?rest_route=%2Fwp%2Fv2%2Fcategories&post=27488"},{"taxonomy":"post_tag","embeddable":true,"href":"https:\/\/solidaridadnews.com\/index.php?rest_route=%2Fwp%2Fv2%2Ftags&post=27488"}],"curies":[{"name":"wp","href":"https:\/\/api.w.org\/{rel}","templated":true}]}}