{"id":27460,"date":"2023-07-08T15:00:18","date_gmt":"2023-07-08T20:00:18","guid":{"rendered":"https:\/\/solidaridadnews.com\/?p=27460"},"modified":"2023-07-08T13:47:53","modified_gmt":"2023-07-08T13:47:53","slug":"mazagon-se-vuelca-con-la-virgen-del-carmen-en-el-rosario-de-la-aurora","status":"publish","type":"post","link":"https:\/\/solidaridadnews.com\/?p=27460","title":{"rendered":"Mazag\u00f3n se vuelca con la Virgen del Carmen en el Rosario de la Aurora"},"content":{"rendered":"<h4 class=\"summary\" style=\"text-align: center;\"><strong>Han participado cientos de fieles<\/strong><\/h4>\n<div class=\"article-media\">\n<p>Con las primeras luces del alba se ha realizado este s\u00e1bado el traslado de la imagen de la Virgen del Carmen, desde la parroquia del Picacho a la de las Dunas, mientras los fieles cantaban el Rosario de la Aurora, en lo que se ha convertido en una nueva manifestaci\u00f3n de la profunda devoci\u00f3n que Mazag\u00f3n profesa a su Patrona.<\/p>\n<p>Cientos de devotos y vecinos de la localidad\u00a0han participado en el emotivo traslado de la imagen por la orilla de la playa, vivi\u00e9ndose momentos especialmente sentidos cuando la Virgen ha sido introducido en el agua a hombros de sus costaleros en una estampa llena de simbolismo marinero.<\/p>\n<p>La Virgen espera ya su gran d\u00eda del 16 de julio cuando recorra las aguas de Mazag\u00f3n en la tradicional y multitudinaria procesi\u00f3n del Carmen.<\/p>\n<div class=\"content-body inner-article-data\">\n<div id=\"body001-275911\" class=\"body mazagon-provincia\">\n<p>Y es que, en Mazag\u00f3n se le profesa una notable devoci\u00f3n a la Reina de los Marineros.<\/p>\n<\/div>\n<\/div>\n<div class=\"ads ad-inner\">\n<div class=\"ad-slot oat oat-visible oat-top \" data-mark=\"Publicidad\"><\/div>\n<\/div>\n<\/div>\n","protected":false},"excerpt":{"rendered":"<p>Han participado cientos de fieles Con las primeras luces del alba se ha realizado este s\u00e1bado el traslado de la imagen de la Virgen del Carmen, desde la parroquia del Picacho a la de las Dunas, mientras los fieles cantaban el Rosario de la Aurora, en lo que se ha convertido en una nueva manifestaci\u00f3n [&hellip;]<\/p>\n","protected":false},"author":1,"featured_media":27462,"comment_status":"open","ping_status":"closed","sticky":false,"template":"","format":"standard","meta":{"footnotes":""},"categories":[4],"tags":[],"class_list":["post-27460","post","type-post","status-publish","format-standard","has-post-thumbnail","hentry","category-local"],"_links":{"self":[{"href":"https:\/\/solidaridadnews.com\/index.php?rest_route=\/wp\/v2\/posts\/27460","targetHints":{"allow":["GET"]}}],"collection":[{"href":"https:\/\/solidaridadnews.com\/index.php?rest_route=\/wp\/v2\/posts"}],"about":[{"href":"https:\/\/solidaridadnews.com\/index.php?rest_route=\/wp\/v2\/types\/post"}],"author":[{"embeddable":true,"href":"https:\/\/solidaridadnews.com\/index.php?rest_route=\/wp\/v2\/users\/1"}],"replies":[{"embeddable":true,"href":"https:\/\/solidaridadnews.com\/index.php?rest_route=%2Fwp%2Fv2%2Fcomments&post=27460"}],"version-history":[{"count":1,"href":"https:\/\/solidaridadnews.com\/index.php?rest_route=\/wp\/v2\/posts\/27460\/revisions"}],"predecessor-version":[{"id":27461,"href":"https:\/\/solidaridadnews.com\/index.php?rest_route=\/wp\/v2\/posts\/27460\/revisions\/27461"}],"wp:featuredmedia":[{"embeddable":true,"href":"https:\/\/solidaridadnews.com\/index.php?rest_route=\/wp\/v2\/media\/27462"}],"wp:attachment":[{"href":"https:\/\/solidaridadnews.com\/index.php?rest_route=%2Fwp%2Fv2%2Fmedia&parent=27460"}],"wp:term":[{"taxonomy":"category","embeddable":true,"href":"https:\/\/solidaridadnews.com\/index.php?rest_route=%2Fwp%2Fv2%2Fcategories&post=27460"},{"taxonomy":"post_tag","embeddable":true,"href":"https:\/\/solidaridadnews.com\/index.php?rest_route=%2Fwp%2Fv2%2Ftags&post=27460"}],"curies":[{"name":"wp","href":"https:\/\/api.w.org\/{rel}","templated":true}]}}