{"id":27457,"date":"2023-07-08T15:00:45","date_gmt":"2023-07-08T20:00:45","guid":{"rendered":"https:\/\/solidaridadnews.com\/?p=27457"},"modified":"2023-07-08T13:46:09","modified_gmt":"2023-07-08T13:46:09","slug":"femes-consagra-su-devocion-a-san-marcial-de-rubicon","status":"publish","type":"post","link":"https:\/\/solidaridadnews.com\/?p=27457","title":{"rendered":"Fem\u00e9s consagra su devoci\u00f3n a San Marcial de Rubic\u00f3n"},"content":{"rendered":"<p>Fem\u00e9s celebr\u00f3 este viernes 7 de julio el D\u00eda Grande de San Marcial de Rubic\u00f3n, fecha se\u00f1alada por la veneraci\u00f3n y el respeto de decenas de creyentes y acompa\u00f1antes que participaron de la misa, oficiada en la plaza del pueblo, y luego de la peregrinaci\u00f3n por las calles del pueblo hist\u00f3rico que honra cada a\u00f1o al Santo Patrono de Lanzarote y Canarias, conmemorando este 2023, los 619 a\u00f1os de la creaci\u00f3n del Obispado del Rubic\u00f3n y de la Di\u00f3cesis Canariense Rubicense (1404) en el sur de Lanzarote bajo la advocaci\u00f3n de San Marcial, el santo m\u00e1s antiguo de Canarias.<\/p>\n<p>La Agrupaci\u00f3n Vocal de Yaiza, en la celebraci\u00f3n de la eucarist\u00eda, la Banda Municipal, en la procesi\u00f3n, y la Agrupaci\u00f3n Folkl\u00f3rica Rubic\u00f3n, con su ofrenda de toque y baile al finalizar la jornada religiosa por delante de la iglesia, engalanaron los actos presididos por Crist\u00f3bal D\u00e9niz, obispo auxiliar de la Di\u00f3cesis de Canarias, invitado por el p\u00e1rroco de Yaiza, Jonathan Almeida.<\/p>\n<p>Autoridades civiles y militares de la Isla estuvieron presentes en Fem\u00e9s, ejerciendo de anfitri\u00f3n el grupo de concejales de la Corporaci\u00f3n municipal de Yaiza, encabezado este d\u00eda por la segunda teniente de Alcalde, Karina Centeno, y el concejal de Festejos, Javier Camacho. El presidente del Cabildo de Lanzarote, Oswaldo Betancort, alcaldes de la Isla y otros representantes p\u00fablicos participaron asimismo de los actos conmemorativos del D\u00eda de San Marcial.<\/p>\n<p>Fem\u00e9s empez\u00f3 la celebraci\u00f3n de sus festividades el pasado 30 de junio con el preg\u00f3n de una de sus vecinas, Elisa Rodr\u00edguez Reyes. A partir de entonces el pueblo y visitantes celebraron su identidad, tradici\u00f3n y cohesi\u00f3n disfrutando de un programa variado lleno de actividades y espect\u00e1culos combinando artes pl\u00e1sticas y esc\u00e9nicas, folklore, bailes y conciertos.<\/p>\n<p>Tras la procesi\u00f3n , el final de fiestas reserv\u00f3 la decimoquinta edici\u00f3n del Encuentro de Solistas San Marcial de Rubic\u00f3n, protagonizado por la parranda Janubio y las voces de Iv\u00e1n Quintana, Elvia Plata, Inma Sep\u00falveda, Elieser Betancort y el reconocido tenor canario Besay P\u00e9rez, que puso la guinda musical con su concierto ac\u00fastico en la plaza del pueblo. El cierre de noche fue con verbena animada por las Kalibre de Fuerteventura y Wamampy de La Gomera. El municipio de Yaiza de centra esta misma semana en las Fiestas del Carmen del pueblo de Playa Blanca.<\/p>\n","protected":false},"excerpt":{"rendered":"<p>Fem\u00e9s celebr\u00f3 este viernes 7 de julio el D\u00eda Grande de San Marcial de Rubic\u00f3n, fecha se\u00f1alada por la veneraci\u00f3n y el respeto de decenas de creyentes y acompa\u00f1antes que participaron de la misa, oficiada en la plaza del pueblo, y luego de la peregrinaci\u00f3n por las calles del pueblo hist\u00f3rico que honra cada a\u00f1o [&hellip;]<\/p>\n","protected":false},"author":1,"featured_media":27459,"comment_status":"open","ping_status":"closed","sticky":false,"template":"","format":"standard","meta":{"footnotes":""},"categories":[4],"tags":[],"class_list":["post-27457","post","type-post","status-publish","format-standard","has-post-thumbnail","hentry","category-local"],"_links":{"self":[{"href":"https:\/\/solidaridadnews.com\/index.php?rest_route=\/wp\/v2\/posts\/27457","targetHints":{"allow":["GET"]}}],"collection":[{"href":"https:\/\/solidaridadnews.com\/index.php?rest_route=\/wp\/v2\/posts"}],"about":[{"href":"https:\/\/solidaridadnews.com\/index.php?rest_route=\/wp\/v2\/types\/post"}],"author":[{"embeddable":true,"href":"https:\/\/solidaridadnews.com\/index.php?rest_route=\/wp\/v2\/users\/1"}],"replies":[{"embeddable":true,"href":"https:\/\/solidaridadnews.com\/index.php?rest_route=%2Fwp%2Fv2%2Fcomments&post=27457"}],"version-history":[{"count":1,"href":"https:\/\/solidaridadnews.com\/index.php?rest_route=\/wp\/v2\/posts\/27457\/revisions"}],"predecessor-version":[{"id":27458,"href":"https:\/\/solidaridadnews.com\/index.php?rest_route=\/wp\/v2\/posts\/27457\/revisions\/27458"}],"wp:featuredmedia":[{"embeddable":true,"href":"https:\/\/solidaridadnews.com\/index.php?rest_route=\/wp\/v2\/media\/27459"}],"wp:attachment":[{"href":"https:\/\/solidaridadnews.com\/index.php?rest_route=%2Fwp%2Fv2%2Fmedia&parent=27457"}],"wp:term":[{"taxonomy":"category","embeddable":true,"href":"https:\/\/solidaridadnews.com\/index.php?rest_route=%2Fwp%2Fv2%2Fcategories&post=27457"},{"taxonomy":"post_tag","embeddable":true,"href":"https:\/\/solidaridadnews.com\/index.php?rest_route=%2Fwp%2Fv2%2Ftags&post=27457"}],"curies":[{"name":"wp","href":"https:\/\/api.w.org\/{rel}","templated":true}]}}