{"id":27433,"date":"2023-07-07T20:17:50","date_gmt":"2023-07-08T01:17:50","guid":{"rendered":"https:\/\/solidaridadnews.com\/?p=27433"},"modified":"2023-07-08T01:17:51","modified_gmt":"2023-07-08T01:17:51","slug":"alumna-de-uqroo-denuncia-supuesta-discriminacion-y-acoso-en-el-interior-del-instituto","status":"publish","type":"post","link":"https:\/\/solidaridadnews.com\/?p=27433","title":{"rendered":"Alumna de UQROO denuncia supuesta discriminaci\u00f3n y acoso en el interior del instituto"},"content":{"rendered":"<p class=\"ql-align-justify\">Denuncian caso de discriminaci\u00f3n y violencia de g\u00e9nero al interior de la Universidad Aut\u00f3noma de Quintana Roo (UQROO), la alumna Alejandra Mora Ch\u00e1vez, indic\u00f3 que un compa\u00f1ero de la carrera de Derecho acosa y molesta tanto a alumnas como a profesores y profesoras, aunque son muchos casos y las autoridades educativas lo saben, hasta el momento no han hecho nada.<\/p>\n<p class=\"ql-align-justify\">Mora Ch\u00e1vez, dijo que se trata de un compa\u00f1ero estudiante de edad avanzada, alrededor de 50 a\u00f1os, que desde hace cuatro a\u00f1os la acosa, mientras que sus maestros y las autoridades al reconocer que se encuentra en riesgo le dijeron que mejor no se presente a la escuela.<\/p>\n<p class=\"ql-align-justify\">Narr\u00f3 que desde el principio de la carrera el se\u00f1or la invit\u00f3 a salir, al ella negarse este la comenz\u00f3 a acosar y agredirla verbalmente con frases como \u201c<em>te estar perdiendo una gran oportunidad<\/em>\u201d y que es una mujer incapaz.<\/p>\n<p class=\"ql-align-justify\">En ese sentido a\u00f1adi\u00f3 que denunci\u00f3 el hecho a las autoridades educativas, sin embargo y pese a que la han citado en dos ocasiones para ratificar, s\u00f3lo le dicen que hay que esperar, por el momento la alumna no est\u00e1 asistiendo a la escuela por temor a represalias y porque las autoridades educativas as\u00ed se lo indicaron, mientras el agresor acude con normalidad a sus clases.<\/p>\n<p class=\"ql-align-justify\">Hay que mencionar que esta ma\u00f1ana acudi\u00f3 al Centro de Justicia para las Mujeres, para poner la denuncia y recibir la asesor\u00eda necesaria, sin embargo, se negaron a recibir su denuncia, argumentando que ten\u00eda que llegar con signos de violencia, por lo que tuvo que retirarse y acudir directamente a la Fiscal\u00eda General del Estado.<\/p>\n","protected":false},"excerpt":{"rendered":"<p>Denuncian caso de discriminaci\u00f3n y violencia de g\u00e9nero al interior de la Universidad Aut\u00f3noma de Quintana Roo (UQROO), la alumna Alejandra Mora Ch\u00e1vez, indic\u00f3 que un compa\u00f1ero de la carrera de Derecho acosa y molesta tanto a alumnas como a profesores y profesoras, aunque son muchos casos y las autoridades educativas lo saben, hasta el [&hellip;]<\/p>\n","protected":false},"author":1,"featured_media":27435,"comment_status":"open","ping_status":"closed","sticky":false,"template":"","format":"standard","meta":{"footnotes":""},"categories":[4],"tags":[],"class_list":["post-27433","post","type-post","status-publish","format-standard","has-post-thumbnail","hentry","category-local"],"_links":{"self":[{"href":"https:\/\/solidaridadnews.com\/index.php?rest_route=\/wp\/v2\/posts\/27433","targetHints":{"allow":["GET"]}}],"collection":[{"href":"https:\/\/solidaridadnews.com\/index.php?rest_route=\/wp\/v2\/posts"}],"about":[{"href":"https:\/\/solidaridadnews.com\/index.php?rest_route=\/wp\/v2\/types\/post"}],"author":[{"embeddable":true,"href":"https:\/\/solidaridadnews.com\/index.php?rest_route=\/wp\/v2\/users\/1"}],"replies":[{"embeddable":true,"href":"https:\/\/solidaridadnews.com\/index.php?rest_route=%2Fwp%2Fv2%2Fcomments&post=27433"}],"version-history":[{"count":1,"href":"https:\/\/solidaridadnews.com\/index.php?rest_route=\/wp\/v2\/posts\/27433\/revisions"}],"predecessor-version":[{"id":27434,"href":"https:\/\/solidaridadnews.com\/index.php?rest_route=\/wp\/v2\/posts\/27433\/revisions\/27434"}],"wp:featuredmedia":[{"embeddable":true,"href":"https:\/\/solidaridadnews.com\/index.php?rest_route=\/wp\/v2\/media\/27435"}],"wp:attachment":[{"href":"https:\/\/solidaridadnews.com\/index.php?rest_route=%2Fwp%2Fv2%2Fmedia&parent=27433"}],"wp:term":[{"taxonomy":"category","embeddable":true,"href":"https:\/\/solidaridadnews.com\/index.php?rest_route=%2Fwp%2Fv2%2Fcategories&post=27433"},{"taxonomy":"post_tag","embeddable":true,"href":"https:\/\/solidaridadnews.com\/index.php?rest_route=%2Fwp%2Fv2%2Ftags&post=27433"}],"curies":[{"name":"wp","href":"https:\/\/api.w.org\/{rel}","templated":true}]}}