{"id":27063,"date":"2023-06-26T15:58:02","date_gmt":"2023-06-26T20:58:02","guid":{"rendered":"https:\/\/notidirectoplayadelcarmen.com\/?p=27063"},"modified":"2023-06-26T15:58:02","modified_gmt":"2023-06-26T20:58:02","slug":"fechas-y-todos-los-detalles-sobre-la-feria-del-carmen","status":"publish","type":"post","link":"https:\/\/solidaridadnews.com\/?p=27063","title":{"rendered":"Fechas y todos los detalles sobre la Feria del Carmen"},"content":{"rendered":"<div class=\"newsfull__excerpt\">\n<h4 style=\"text-align: center;\">Juegos mec\u00e1nicos, cabalgatas y eventos muy atractivos te esperan en la Feria del Carmen, sin duda la pasar\u00e1s muy bien<\/h4>\n<\/div>\n<div class=\"newsfull__line\">\n<div class=\"newsfull__author--media\">\n<p>La\u00a0<strong>Feria del Carmen<\/strong>, una de las celebraciones m\u00e1s destacadas en\u00a0Playa del Carmen, est\u00e1 lista para comenzar el pr\u00f3ximo 8 de julio, seg\u00fan anunci\u00f3 la alcaldesa Lili Campos Miranda.<\/p>\n<div class=\"banner hide--mobile\">\n<p>Este evento tradicional se llevar\u00e1 a cabo en honor a la\u00a0Virgen\u00a0del Carmen, una advocaci\u00f3n mariana venerada por los cat\u00f3licos, a quien se le encomienda la protecci\u00f3n de la ciudad.<\/p>\n<h2>\u00bfQu\u00e9 te espera en la Feria del Carmen?<\/h2>\n<p>Aunque el programa oficial a\u00fan no ha sido anunciado, se espera que la\u00a0<strong>Feria del Carmen\u00a0<\/strong>incluya juegos mec\u00e1nicos, cabalgatas, presentaciones art\u00edsticas, el ic\u00f3nico baile de la Cabeza de Cochino y el tradicional recorrido en altamar de la Virgen del Carmen.<\/p>\n<div class=\"banner hide--mobile\">\n<p>Adem\u00e1s, la feria coincidir\u00e1 con las festividades del 30 aniversario de la creaci\u00f3n del municipio de Solidaridad, que se celebrar\u00e1 el 28 de julio, y se espera una amplia gama de eventos art\u00edsticos y culturales.<\/p>\n<div class=\"ck-related-news\">\n<div class=\"newsfull__related\">\n<h2>M\u00e1s detalles sobre la Feria del Carmen<\/h2>\n<div>\n<p>La presidente municipal, Lili Campos, invit\u00f3 a todos a estar atentos a la<strong>\u00a0Feria del Carmen<\/strong>, ya que habr\u00e1 actividades durante pr\u00e1cticamente todo el mes de julio en conmemoraci\u00f3n del 30 aniversario.<\/p>\n<p>Destac\u00f3 que el 28 de julio, a las seis de la tarde, habr\u00e1 una cita importante en la plaza 28 de Julio, la cual est\u00e1 siendo remodelada, pues\u00a0 ser\u00e1 estrenada precisamente en el d\u00eda del gran evento.<\/p>\n<p>Esta feria es reconocida como la m\u00e1s tradicional de la regi\u00f3n y recibe su nombre de la advocaci\u00f3n mariana.<\/p>\n<p>La alcaldesa inst\u00f3 a la comunidad a participar en la\u00a0<strong>Feria del Carmen\u00a0<\/strong>y en todas las actividades programadas para celebrar el mes de julio.<\/p>\n<p>Es una oportunidad \u00fanica para celebrar la historia y la identidad de\u00a0Playa del Carmen\u00a0y Solidaridad.<\/p>\n<\/div>\n<\/div>\n<\/div>\n<\/div>\n<\/div>\n<\/div>\n<\/div>\n","protected":false},"excerpt":{"rendered":"<p>Juegos mec\u00e1nicos, cabalgatas y eventos muy atractivos te esperan en la Feria del Carmen, sin duda la pasar\u00e1s muy bien La\u00a0Feria del Carmen, una de las celebraciones m\u00e1s destacadas en\u00a0Playa del Carmen, est\u00e1 lista para comenzar el pr\u00f3ximo 8 de julio, seg\u00fan anunci\u00f3 la alcaldesa Lili Campos Miranda. Este evento tradicional se llevar\u00e1 a cabo [&hellip;]<\/p>\n","protected":false},"author":1,"featured_media":27065,"comment_status":"open","ping_status":"closed","sticky":false,"template":"","format":"standard","meta":{"footnotes":""},"categories":[2],"tags":[],"class_list":["post-27063","post","type-post","status-publish","format-standard","has-post-thumbnail","hentry","category-nacional"],"_links":{"self":[{"href":"https:\/\/solidaridadnews.com\/index.php?rest_route=\/wp\/v2\/posts\/27063","targetHints":{"allow":["GET"]}}],"collection":[{"href":"https:\/\/solidaridadnews.com\/index.php?rest_route=\/wp\/v2\/posts"}],"about":[{"href":"https:\/\/solidaridadnews.com\/index.php?rest_route=\/wp\/v2\/types\/post"}],"author":[{"embeddable":true,"href":"https:\/\/solidaridadnews.com\/index.php?rest_route=\/wp\/v2\/users\/1"}],"replies":[{"embeddable":true,"href":"https:\/\/solidaridadnews.com\/index.php?rest_route=%2Fwp%2Fv2%2Fcomments&post=27063"}],"version-history":[{"count":0,"href":"https:\/\/solidaridadnews.com\/index.php?rest_route=\/wp\/v2\/posts\/27063\/revisions"}],"wp:featuredmedia":[{"embeddable":true,"href":"https:\/\/solidaridadnews.com\/index.php?rest_route=\/wp\/v2\/media\/27065"}],"wp:attachment":[{"href":"https:\/\/solidaridadnews.com\/index.php?rest_route=%2Fwp%2Fv2%2Fmedia&parent=27063"}],"wp:term":[{"taxonomy":"category","embeddable":true,"href":"https:\/\/solidaridadnews.com\/index.php?rest_route=%2Fwp%2Fv2%2Fcategories&post=27063"},{"taxonomy":"post_tag","embeddable":true,"href":"https:\/\/solidaridadnews.com\/index.php?rest_route=%2Fwp%2Fv2%2Ftags&post=27063"}],"curies":[{"name":"wp","href":"https:\/\/api.w.org\/{rel}","templated":true}]}}