{"id":26977,"date":"2023-06-23T15:00:39","date_gmt":"2023-06-23T20:00:39","guid":{"rendered":"https:\/\/notidirectoplayadelcarmen.com\/?p=26977"},"modified":"2023-06-23T15:00:39","modified_gmt":"2023-06-23T20:00:39","slug":"turismo-lgbt-playa-del-carmen-juntara-10-mil-personas-en-la-marcha-del-orgullo","status":"publish","type":"post","link":"https:\/\/solidaridadnews.com\/?p=26977","title":{"rendered":"Turismo LGBT: Playa del Carmen juntar\u00e1 10 mil personas en la marcha del orgullo"},"content":{"rendered":"<p>El pr\u00f3ximo s\u00e1bado se llevar\u00e1 a cabo la marcha del orgullo en Playa del Carmen, donde esperan reunir m\u00e1s de 10 mil personas como parte de las celebraciones de la comunidad LGBTTTIQ+, en el \u201cMes del Orgullo\u201d y de la diversidad sexual.<\/p>\n<p>La marcha LGBT+ en Playa del Carmen iniciar\u00e1 en el muelle de la Avenida Constituyentes a partir de las 4 de la tarde y reunir\u00e1 a la ciudadan\u00eda en general y a defensores de derechos humanos, para concientizar, aceptar y defender los derechos de la comunidad, as\u00ed lo manifest\u00f3 Junny L\u00f3pez Garc\u00eda, titular de la direcci\u00f3n de la Diversidad Sexual en Solidaridad.<\/p>\n<p>La marcha finalizar\u00e1 en el Poliforum, donde se presentar\u00e1 el artista transformista Pavel Ar\u00e1mbula y otras actividades, as\u00ed como la realizaci\u00f3n de pruebas de VIH totalmente gratuitas.<\/p>\n<p>Silvio Hern\u00e1ndez, representante de la Asociaci\u00f3n Playa Pride y organizador de la marcha, se\u00f1al\u00f3 que ser\u00e1 familiar, pac\u00edfica y limpia, con la participaci\u00f3n de m\u00e1s de 20 artistas locales, as\u00ed lo recoge Mega News.<\/p>\n<p>Como lo inform\u00f3\u00a0<em>REPORTUR.mx<\/em>, uno de los destinos l\u00edderes en Latinoam\u00e9rica para la comunidad LGBTQ+ es Puerto Vallarta, donde en mayo celebr\u00f3 la d\u00e9cima edici\u00f3n del Vallarta Pride 2023, a trav\u00e9s de actividades culturales, deportivas, as\u00ed como de foros informativos, promoviendo la igualdad, el respeto y el reconocimiento para la comunidad nacional e internacional diversa.\u00a0(Vallarta Pride 2023: los encuentros, foros y actividades de la d\u00e9cima edici\u00f3n).<\/p>\n","protected":false},"excerpt":{"rendered":"<p>El pr\u00f3ximo s\u00e1bado se llevar\u00e1 a cabo la marcha del orgullo en Playa del Carmen, donde esperan reunir m\u00e1s de 10 mil personas como parte de las celebraciones de la comunidad LGBTTTIQ+, en el \u201cMes del Orgullo\u201d y de la diversidad sexual. La marcha LGBT+ en Playa del Carmen iniciar\u00e1 en el muelle de la [&hellip;]<\/p>\n","protected":false},"author":1,"featured_media":26979,"comment_status":"open","ping_status":"closed","sticky":false,"template":"","format":"standard","meta":{"footnotes":""},"categories":[4],"tags":[],"class_list":["post-26977","post","type-post","status-publish","format-standard","has-post-thumbnail","hentry","category-local"],"_links":{"self":[{"href":"https:\/\/solidaridadnews.com\/index.php?rest_route=\/wp\/v2\/posts\/26977","targetHints":{"allow":["GET"]}}],"collection":[{"href":"https:\/\/solidaridadnews.com\/index.php?rest_route=\/wp\/v2\/posts"}],"about":[{"href":"https:\/\/solidaridadnews.com\/index.php?rest_route=\/wp\/v2\/types\/post"}],"author":[{"embeddable":true,"href":"https:\/\/solidaridadnews.com\/index.php?rest_route=\/wp\/v2\/users\/1"}],"replies":[{"embeddable":true,"href":"https:\/\/solidaridadnews.com\/index.php?rest_route=%2Fwp%2Fv2%2Fcomments&post=26977"}],"version-history":[{"count":0,"href":"https:\/\/solidaridadnews.com\/index.php?rest_route=\/wp\/v2\/posts\/26977\/revisions"}],"wp:featuredmedia":[{"embeddable":true,"href":"https:\/\/solidaridadnews.com\/index.php?rest_route=\/wp\/v2\/media\/26979"}],"wp:attachment":[{"href":"https:\/\/solidaridadnews.com\/index.php?rest_route=%2Fwp%2Fv2%2Fmedia&parent=26977"}],"wp:term":[{"taxonomy":"category","embeddable":true,"href":"https:\/\/solidaridadnews.com\/index.php?rest_route=%2Fwp%2Fv2%2Fcategories&post=26977"},{"taxonomy":"post_tag","embeddable":true,"href":"https:\/\/solidaridadnews.com\/index.php?rest_route=%2Fwp%2Fv2%2Ftags&post=26977"}],"curies":[{"name":"wp","href":"https:\/\/api.w.org\/{rel}","templated":true}]}}