{"id":26828,"date":"2023-06-20T15:35:55","date_gmt":"2023-06-20T20:35:55","guid":{"rendered":"https:\/\/notidirectoplayadelcarmen.com\/?p=26828"},"modified":"2023-06-20T15:35:55","modified_gmt":"2023-06-20T20:35:55","slug":"mexico-da-un-paso-atras-retrocede-al-lugar-56-en-el-ranking-mundial-de-competitividad","status":"publish","type":"post","link":"https:\/\/solidaridadnews.com\/?p=26828","title":{"rendered":"M\u00e9xico da \u2018un paso atr\u00e1s\u2019: Retrocede al lugar 56 en el ranking mundial de competitividad"},"content":{"rendered":"<div class=\"row\">\n<div class=\"col-sm-xl-12 layout-section wrap-bottom\">\n<h4 class=\"primary-font__PrimaryFontStyles-o56yd5-0 heuGTu h4-primary sub-headline\" style=\"text-align: center;\">El instituto suizo IMD aconsej\u00f3 a M\u00e9xico mejorar su relaci\u00f3n con econom\u00edas relevantes en el mundo y fomentar reformas para mejor la educaci\u00f3n y las energ\u00edas limpias.<\/h4>\n<div class=\"default__StyledDiv-cj38t1-0 gCPfDm share-bar\">\n<p class=\"default__StyledText-kkhi2r-0 cGAawy body-paragraph\">De 64 naciones contempladas en el Ranking Mundial de Competitividad 2023,\u00a0M\u00e9xico\u00a0se posicion\u00f3 en el lugar 56. Esto represent\u00f3 un ligero retroceso, ya que el a\u00f1o pasado se ubic\u00f3\u00a0<b>en el lugar 55,\u00a0<\/b>de acuerdo con la publicaci\u00f3n del instituto suizo IMD.<\/p>\n<p class=\"default__StyledText-kkhi2r-0 cGAawy body-paragraph\">Seg\u00fan el documento,\u00a0<b>en 2019 ha mostrado una ca\u00edda en el \u00edndice de competitividad,<\/b> pues en cuatro a\u00f1os descendi\u00f3 seis lugares.<\/p>\n<p class=\"default__StyledText-kkhi2r-0 cGAawy body-paragraph\">Dentro de los retos para este a\u00f1o,<b>\u00a0el IMD aconsej\u00f3 implementar infraestructura log\u00edstica\u00a0<\/b>para aprovechar el nearshoring, mejorar el ambiente de negocios, con una menor incertidumbre y un \u00f3ptimo marco de justicia, seguridad y democracia.<\/p>\n<p class=\"default__StyledText-kkhi2r-0 cGAawy body-paragraph\">A la vez,\u00a0M\u00e9xico debe promover un mayor crecimiento\u00a0del Producto Interno Bruto (PIB), con el fomento del crecimiento del mercado interno a trav\u00e9s de la innovaci\u00f3n.<\/p>\n<article class=\"container-fluid inline-promo border border_solid border_top color_black_1\">\n<div class=\"inline-promo-wrapper inline-promo-image\">\n<p class=\"default__StyledText-kkhi2r-0 cGAawy body-paragraph\">Asimismo, la instituci\u00f3n inst\u00f3 a M\u00e9xico a mejorar la relaci\u00f3n con econom\u00edas relevantes en el mundo y fomentar reformas estructurales para una<b>\u00a0mejor educaci\u00f3n y energ\u00eda limpia.<\/b><\/p>\n<p class=\"default__StyledText-kkhi2r-0 cGAawy body-paragraph\">El documento tambi\u00e9n se\u00f1al\u00f3 que las tendencias ya est\u00e1n reconfigurando el panorama de la competitividad en 2023, tanto en t\u00e9rminos macroecon\u00f3micos y de confianza empresarial.<\/p>\n<p class=\"default__StyledText-kkhi2r-0 cGAawy body-paragraph\">\u201cLas regiones y econom\u00edas con una producci\u00f3n aut\u00f3ctona de energ\u00eda, s\u00f3lidas cadenas de suministro y balanzas comerciales han podido\u00a0<b>hacer frente a los cambios macroecon\u00f3micos.<\/b><\/p>\n<p class=\"default__StyledText-kkhi2r-0 cGAawy body-paragraph\">\u201cEstas\u00a0econom\u00edas han conseguido aumentar su competitividad\u00a0a pesar de condiciones dif\u00edciles; mientras que las que dependen de las materias primas y energ\u00eda se han deteriorado\u201d, revel\u00f3.<\/p>\n<p class=\"default__StyledText-kkhi2r-0 cGAawy body-paragraph\">Incluso agreg\u00f3 que, aunque observan asimetr\u00edas en la forma en que se ha presentado dicha situaci\u00f3n, los niveles de confianza de la comunidad empresarial a\u00a0<b>nivel mundial parecen sombr\u00edos<\/b>, alert\u00f3.<\/p>\n<\/div>\n<\/article>\n<\/div>\n<\/div>\n<\/div>\n<div class=\"row\">\n<div class=\"col-sm-md-12 col-lg-xl-8 left-article-section ie-flex-100-percent-sm layout-section\"><\/div>\n<\/div>\n","protected":false},"excerpt":{"rendered":"<p>El instituto suizo IMD aconsej\u00f3 a M\u00e9xico mejorar su relaci\u00f3n con econom\u00edas relevantes en el mundo y fomentar reformas para mejor la educaci\u00f3n y las energ\u00edas limpias. De 64 naciones contempladas en el Ranking Mundial de Competitividad 2023,\u00a0M\u00e9xico\u00a0se posicion\u00f3 en el lugar 56. Esto represent\u00f3 un ligero retroceso, ya que el a\u00f1o pasado se ubic\u00f3\u00a0en [&hellip;]<\/p>\n","protected":false},"author":1,"featured_media":26830,"comment_status":"open","ping_status":"closed","sticky":false,"template":"","format":"standard","meta":{"footnotes":""},"categories":[2],"tags":[],"class_list":["post-26828","post","type-post","status-publish","format-standard","has-post-thumbnail","hentry","category-nacional"],"_links":{"self":[{"href":"https:\/\/solidaridadnews.com\/index.php?rest_route=\/wp\/v2\/posts\/26828","targetHints":{"allow":["GET"]}}],"collection":[{"href":"https:\/\/solidaridadnews.com\/index.php?rest_route=\/wp\/v2\/posts"}],"about":[{"href":"https:\/\/solidaridadnews.com\/index.php?rest_route=\/wp\/v2\/types\/post"}],"author":[{"embeddable":true,"href":"https:\/\/solidaridadnews.com\/index.php?rest_route=\/wp\/v2\/users\/1"}],"replies":[{"embeddable":true,"href":"https:\/\/solidaridadnews.com\/index.php?rest_route=%2Fwp%2Fv2%2Fcomments&post=26828"}],"version-history":[{"count":0,"href":"https:\/\/solidaridadnews.com\/index.php?rest_route=\/wp\/v2\/posts\/26828\/revisions"}],"wp:featuredmedia":[{"embeddable":true,"href":"https:\/\/solidaridadnews.com\/index.php?rest_route=\/wp\/v2\/media\/26830"}],"wp:attachment":[{"href":"https:\/\/solidaridadnews.com\/index.php?rest_route=%2Fwp%2Fv2%2Fmedia&parent=26828"}],"wp:term":[{"taxonomy":"category","embeddable":true,"href":"https:\/\/solidaridadnews.com\/index.php?rest_route=%2Fwp%2Fv2%2Fcategories&post=26828"},{"taxonomy":"post_tag","embeddable":true,"href":"https:\/\/solidaridadnews.com\/index.php?rest_route=%2Fwp%2Fv2%2Ftags&post=26828"}],"curies":[{"name":"wp","href":"https:\/\/api.w.org\/{rel}","templated":true}]}}