{"id":26670,"date":"2023-06-15T16:00:42","date_gmt":"2023-06-15T21:00:42","guid":{"rendered":"https:\/\/notidirectoplayadelcarmen.com\/?p=26670"},"modified":"2023-06-15T16:00:42","modified_gmt":"2023-06-15T21:00:42","slug":"se-queda-carlos-bracamontes-ratificado-como-director-tecnico-del-inter-playa-del-carmen","status":"publish","type":"post","link":"https:\/\/solidaridadnews.com\/?p=26670","title":{"rendered":"\u00a1Se queda! Carlos Bracamontes, ratificado como director t\u00e9cnico del Inter Playa del Carmen"},"content":{"rendered":"<div class=\"detail\">\n<h4 class=\"summary\" style=\"text-align: center;\">Resultados como el Campeonato de Copa Conecta, 2 finales de Liga Premier, 65 partidos con victoria, lo mantienen como t\u00e9cnico del cuadro interista.<\/h4>\n<\/div>\n<div class=\"extras\">\n<div class=\"social-network\">\n<p>Luego de haber guiado al\u00a0<b>Inter Playa del Carmen a su segundo t\u00edtulo oficial<\/b>\u00a0al coronarse como Campe\u00f3n de Copa Conecta y tras haber obtenido el\u00a0<b>subcampeonato del torneo Clausura 2023 de Liga Premier<\/b>, el equipo gigante de Quintana Roo ha decidido darle continuidad a\u00a0<b>Carlos Bracamontes<\/b>\u00a0en su proyecto deportivo al frente del primer equipo.<\/p>\n<p>Con el Inter Playa del Carmen,\u00a0<b>Bracamontes Zeniso ha disputado 91 partidos como director t\u00e9cnico<\/b>, de los cuales\u00a0<b>65 fueron victorias,<\/b>\u00a025 empates y 15 derrotas (contando juegos oficiales de Liga Premier de fase regular, liguillas y Copa Conecta).<\/p>\n<h2>Inter Playa y la ratificaci\u00f3n de Carlos Bracamontes<\/h2>\n<p>En el \u00faltimo a\u00f1o futbol\u00edstico de Liga Premier, la escuadra quintanarroense sum\u00f3 un total de\u00a0<b>16 partidos ganados<\/b>, 10 empatados y 5 perdidos, tanto de fase regular y liguilla de los torneos Apertura 2022, Clausura 2023 y Copa Conecta, lo que signific\u00f3 un total de 31 encuentros.<\/p>\n<p>La presidenta municipal de Solidaridad,\u00a0<b>Lili Campos envi\u00f3 un mensaje a Carlos Bracamontes<\/b>\u00a0y coment\u00f3 \u201cMantente firme y vamos por ese campeonato porque tenemos que ganar. Porque nos falta muy poco y solos no est\u00e1n. Aqu\u00ed tienen a su presidenta, a su director y al mejor cuerpo t\u00e9cnico\u201d.<\/p>\n<p>Por su parte,\u00a0<b>Amador Guti\u00e9rrez Guigui, titular del Inter Playa del Carmen<\/b>, manifest\u00f3 que \u201cEl club tiene confianza en los proyectos a largo plazo, los cuales permiten generar la identidad deportiva del Inter Playa as\u00ed como de la ciudad, y cuando los resultados se dan, como lo son 3 finales oficiales, de las cuales una de ellas vali\u00f3 el segundo t\u00edtulo profesional del club, aunado a que la gran afici\u00f3n solicit\u00f3 la continuidad del cuerpo t\u00e9cnico, pues los escuchamos, confiamos y seguimos adelante\u201d.<\/p>\n<p>Cabe hacer menci\u00f3n que\u00a0<b>el proyecto deportivo de Carlos Bracamontes y su cuerpo t\u00e9cnico fue el m\u00e1s contundente\u00a0<\/b>por los resultados obtenidos, al lograr que los ojos del deporte mexicano voltearan hacia el sureste, teniendo en Playa del Carmen una plaza atractiva para el balompi\u00e9 nacional, as\u00ed mismo por compartir filosof\u00eda y objetivos en com\u00fan a corto, mediano y largo plazo.<\/p>\n<p>En un video difundido a trav\u00e9s de las plataformas digitales, el Inter Playa del Carmen confirm\u00f3 la permanencia de\u00a0<b>Carlos Bracamontes<\/b>\u00a0al preguntarle a la afici\u00f3n, su opini\u00f3n sobre c\u00f3mo les gustar\u00eda que fuera \u201csu profe\u201d. As\u00ed mismo A lo que Bracamontes Zeniso puntualiz\u00f3 que \u201cNuestra historia a\u00fan no se ha terminado de escribir. Vamos juntos porque somos Inter Playa\u201d.<\/p>\n<p>La firma del contrato de renovaci\u00f3n por un a\u00f1o futbol\u00edstico m\u00e1s, se realiz\u00f3 en la grama del estadio Mario Villanueva, por el\u00a0<b>profesor Carlos Bracamontes y Amador Guti\u00e9rrez<\/b>, teniendo como testigos a C\u00e9sar Poot y Enrique Lobato por parte del club, as\u00ed como la presencia del subdirector del deporte local Javier Alvarado.<\/p>\n<\/div>\n<\/div>\n","protected":false},"excerpt":{"rendered":"<p>Resultados como el Campeonato de Copa Conecta, 2 finales de Liga Premier, 65 partidos con victoria, lo mantienen como t\u00e9cnico del cuadro interista. Luego de haber guiado al\u00a0Inter Playa del Carmen a su segundo t\u00edtulo oficial\u00a0al coronarse como Campe\u00f3n de Copa Conecta y tras haber obtenido el\u00a0subcampeonato del torneo Clausura 2023 de Liga Premier, el [&hellip;]<\/p>\n","protected":false},"author":1,"featured_media":26672,"comment_status":"open","ping_status":"closed","sticky":false,"template":"","format":"standard","meta":{"footnotes":""},"categories":[4],"tags":[],"class_list":["post-26670","post","type-post","status-publish","format-standard","has-post-thumbnail","hentry","category-local"],"_links":{"self":[{"href":"https:\/\/solidaridadnews.com\/index.php?rest_route=\/wp\/v2\/posts\/26670","targetHints":{"allow":["GET"]}}],"collection":[{"href":"https:\/\/solidaridadnews.com\/index.php?rest_route=\/wp\/v2\/posts"}],"about":[{"href":"https:\/\/solidaridadnews.com\/index.php?rest_route=\/wp\/v2\/types\/post"}],"author":[{"embeddable":true,"href":"https:\/\/solidaridadnews.com\/index.php?rest_route=\/wp\/v2\/users\/1"}],"replies":[{"embeddable":true,"href":"https:\/\/solidaridadnews.com\/index.php?rest_route=%2Fwp%2Fv2%2Fcomments&post=26670"}],"version-history":[{"count":0,"href":"https:\/\/solidaridadnews.com\/index.php?rest_route=\/wp\/v2\/posts\/26670\/revisions"}],"wp:featuredmedia":[{"embeddable":true,"href":"https:\/\/solidaridadnews.com\/index.php?rest_route=\/wp\/v2\/media\/26672"}],"wp:attachment":[{"href":"https:\/\/solidaridadnews.com\/index.php?rest_route=%2Fwp%2Fv2%2Fmedia&parent=26670"}],"wp:term":[{"taxonomy":"category","embeddable":true,"href":"https:\/\/solidaridadnews.com\/index.php?rest_route=%2Fwp%2Fv2%2Fcategories&post=26670"},{"taxonomy":"post_tag","embeddable":true,"href":"https:\/\/solidaridadnews.com\/index.php?rest_route=%2Fwp%2Fv2%2Ftags&post=26670"}],"curies":[{"name":"wp","href":"https:\/\/api.w.org\/{rel}","templated":true}]}}