{"id":26667,"date":"2023-06-15T16:00:03","date_gmt":"2023-06-15T21:00:03","guid":{"rendered":"https:\/\/notidirectoplayadelcarmen.com\/?p=26667"},"modified":"2023-06-15T16:00:03","modified_gmt":"2023-06-15T21:00:03","slug":"autoridades-esperan-concretar-en-este-mismo-ano-la-donacion-del-terreno-al-que-podra-ingresar-cualquier-persona","status":"publish","type":"post","link":"https:\/\/solidaridadnews.com\/?p=26667","title":{"rendered":"Autoridades esperan concretar en este mismo a\u00f1o la donaci\u00f3n del terreno al que podr\u00e1 ingresar cualquier persona."},"content":{"rendered":"<p>El municipio realiza preparativos para recibir en donaci\u00f3n el acceso de la playa Montecarlo, ubicada en las inmediaciones de Xcalacoco, con lo cual los solidarenses tendr\u00e1n un nuevo y leg\u00edtimo paso p\u00fablico al mar.<\/p>\n<p>Lourdes V\u00e1rguez Ocampo, directora de Medio Ambiente Sustentable y Cambio Clim\u00e1tico de Solidaridad, explic\u00f3 que el punto que sirve de ingreso a esa playa es propiedad del hotel Ocean Riviera.<\/p>\n<blockquote><p>\u201cEs el hotel Ocean el que nos va a donar el acceso a esa playa, digamos la propiedad privada de esa playa va a pasar a formar parte del municipio, estamos en eso de la cesi\u00f3n y pronto le podamos informar sobre la donaci\u00f3n de esa \u00e1rea\u201d, dio a conocer.<\/p><\/blockquote>\n<p>Esperan concretar en este mismo a\u00f1o la donaci\u00f3n del terreno al que podr\u00e1 ingresar cualquier persona sin ning\u00fan tipo de restricci\u00f3n a la zona costera y mar\u00edtima.<\/p>\n<blockquote><p>\u201cEstamos haciendo el trabajo arquitect\u00f3nico con la finalidad de aprovechar en mayor medida el espacio que tenemos en esa zona y estamos trabajando de manera coordinada\u201d, expuso.<\/p><\/blockquote>\n<h3>\u00bfC\u00f3mo se podr\u00e1 acceder a la playa Montecarlo?<\/h3>\n<p>A dicho tramo costero es posible llegar por el acceso a Xcalacoco, en la avenida del mismo nombre, en el norte de Playa del Carmen. Dicho predio que servir\u00e1 de acceso oficial, comenz\u00f3 a ser rehabilitado en 2015, aunque nunca se concret\u00f3 la donaci\u00f3n en promesa por parte del hotel.<\/p>\n<p>No fue sino hasta hace algunos meses cuando la actual administraci\u00f3n municipal volvi\u00f3 a iniciar un proyecto de dotaci\u00f3n de servicios. Para ello han realizado actividades de acondicionamiento del tramo costero.<\/p>\n<p>Prev\u00e9n que esa playa sea inclusiva y se una a esta modalidad junto con otras playas, como la reci\u00e9n galardonada Punta Esmeralda y la playa Pel\u00edcanos. Estos \u00faltimos se ubican en plena cabecera municipal.<\/p>\n<blockquote><p>\u201cEn el caso de Montecarlo va a ser una playa inclusiva, con todos los servicios de inclusividad y estar\u00e1 abierta a todos los que la requieran\u201d, apunt\u00f3.<\/p><\/blockquote>\n<p>V\u00e1rguez Ocampo aprovech\u00f3 para aclarar sobre el premio que recibi\u00f3 Punta Esmeralda, que nunca supieron de las evaluaciones de las que fue objeto. Se enteraron justo cuando p\u00fablicamente se hizo el anuncio.<\/p>\n","protected":false},"excerpt":{"rendered":"<p>El municipio realiza preparativos para recibir en donaci\u00f3n el acceso de la playa Montecarlo, ubicada en las inmediaciones de Xcalacoco, con lo cual los solidarenses tendr\u00e1n un nuevo y leg\u00edtimo paso p\u00fablico al mar. Lourdes V\u00e1rguez Ocampo, directora de Medio Ambiente Sustentable y Cambio Clim\u00e1tico de Solidaridad, explic\u00f3 que el punto que sirve de ingreso [&hellip;]<\/p>\n","protected":false},"author":1,"featured_media":26669,"comment_status":"open","ping_status":"closed","sticky":false,"template":"","format":"standard","meta":{"footnotes":""},"categories":[4],"tags":[],"class_list":["post-26667","post","type-post","status-publish","format-standard","has-post-thumbnail","hentry","category-local"],"_links":{"self":[{"href":"https:\/\/solidaridadnews.com\/index.php?rest_route=\/wp\/v2\/posts\/26667","targetHints":{"allow":["GET"]}}],"collection":[{"href":"https:\/\/solidaridadnews.com\/index.php?rest_route=\/wp\/v2\/posts"}],"about":[{"href":"https:\/\/solidaridadnews.com\/index.php?rest_route=\/wp\/v2\/types\/post"}],"author":[{"embeddable":true,"href":"https:\/\/solidaridadnews.com\/index.php?rest_route=\/wp\/v2\/users\/1"}],"replies":[{"embeddable":true,"href":"https:\/\/solidaridadnews.com\/index.php?rest_route=%2Fwp%2Fv2%2Fcomments&post=26667"}],"version-history":[{"count":0,"href":"https:\/\/solidaridadnews.com\/index.php?rest_route=\/wp\/v2\/posts\/26667\/revisions"}],"wp:featuredmedia":[{"embeddable":true,"href":"https:\/\/solidaridadnews.com\/index.php?rest_route=\/wp\/v2\/media\/26669"}],"wp:attachment":[{"href":"https:\/\/solidaridadnews.com\/index.php?rest_route=%2Fwp%2Fv2%2Fmedia&parent=26667"}],"wp:term":[{"taxonomy":"category","embeddable":true,"href":"https:\/\/solidaridadnews.com\/index.php?rest_route=%2Fwp%2Fv2%2Fcategories&post=26667"},{"taxonomy":"post_tag","embeddable":true,"href":"https:\/\/solidaridadnews.com\/index.php?rest_route=%2Fwp%2Fv2%2Ftags&post=26667"}],"curies":[{"name":"wp","href":"https:\/\/api.w.org\/{rel}","templated":true}]}}