{"id":26420,"date":"2023-06-07T18:00:51","date_gmt":"2023-06-07T23:00:51","guid":{"rendered":"https:\/\/notidirectoplayadelcarmen.com\/?p=26420"},"modified":"2023-06-07T18:00:51","modified_gmt":"2023-06-07T23:00:51","slug":"erika-zapata-conto-que-un-chisme-tiene-desesperadas-a-dos-mil-personas-de-pueblo-en-antioquia","status":"publish","type":"post","link":"https:\/\/solidaridadnews.com\/?p=26420","title":{"rendered":"Erika Zapata cont\u00f3 que un chisme tiene desesperadas a dos mil personas de pueblo en Antioquia"},"content":{"rendered":"<h4 class=\"primary-font__PrimaryFontStyles-o56yd5-0 ctbcAa h4-primary sub-headline\" style=\"text-align: center;\">La periodista paisa con su particular forma de contar las noticias narr\u00f3 este ins\u00f3lito caso que afect\u00f3 a toda una poblaci\u00f3n.<\/h4>\n<p class=\"default__StyledText-xb1qmn-0 hOzITE body-paragraph\">Una historia como salida de\u00a0<b>Macondo\u00a0<\/b>cont\u00f3 en\u00a0<b>Noticias Caracol<\/b>\u00a0su<b>\u00a0reportera paisa favorita\u00a0<\/b><b>\u00c9rika Zapata<\/b>. La joven con su aut\u00e9ntica forma de narrar los hechos, no dej\u00f3 pasar este cuento, que parece sacado de las p\u00e1ginas de cr\u00f3nicas de\u00a0<b>Gabriel Garc\u00eda M\u00e1rquez.<\/b><\/p>\n<div id=\"arcad-feature-f0fYI11XKJXX1mA-1190dfe512ab69\" class=\"default__StyledAdUnit-sc-1qpte9h-0 bflWWB arcad-feature \">\n<div class=\"arcad-container\">\n<div id=\"arcad_f0fYI11XKJXX1mA-1190dfe512ab69\" class=\"arcad ad-300x250\" data-google-query-id=\"CPevn9iItP8CFZTVhwodD9kCDQ\">\n<p class=\"default__StyledText-xb1qmn-0 hOzITE body-paragraph\">Hasta esta contadora de historias lleg\u00f3 un ins\u00f3lito caso que se vive en el<b>\u00a0municipio de Carolina del Pr\u00edncipe, Antioquia,<\/b>\u00a0donde como dice el refr\u00e1n, se vive lo que todo en \u201cun pueblo chico\u201d cuando se convierte en \u201cun infierno grande\u201d.<\/p>\n<p class=\"default__StyledText-xb1qmn-0 hOzITE body-paragraph\">Esto ocurri\u00f3 cuando una\u00a0<b>cadena de chismes<\/b>\u00a0se hizo viral en los\u00a0<b>chats de WhatsApp.<\/b>\u00a0Incluso los rumores y\u00a0<b>pasquines<\/b>\u00a0derrumbaron hogares, matrimonios, amistades y generaron desastres.\u00a0<b>\u201cEl chisme tiene a los habitantes de Carolina del Pr\u00edncipe desesperados\u201d,\u00a0<\/b>comienza Erika su cr\u00f3nica.<\/p>\n<p class=\"default__StyledText-xb1qmn-0 hOzITE body-paragraph\">Seg\u00fan las autoridades m\u00e1s de\u00a0<b>dos mil personas\u00a0<\/b>en cuatro meses han visto afectada su imagen p\u00fablica por culpa de los rumores malintencionados.<\/p>\n<h2 class=\"heading__StyledHeading-sc-5jxglz-0 ceraWg\"><b>Erika Zapata cont\u00f3 que un chisme tiene desesperadas a dos mil personas en Antioquia<\/b><\/h2>\n<p class=\"default__StyledText-xb1qmn-0 hOzITE body-paragraph\">El mismo\u00a0<b>alcalde del pueblo Carlos Andr\u00e9s P\u00e9rez<\/b>\u00a0hizo un llamado urgente a la\u00a0<b>Fiscal\u00eda<\/b>\u00a0para que estas\u00a0<b>cadenas<\/b>\u00a0sean investigadas. La periodista cont\u00f3 que con estos chismes de \u201cllevar y traer\u201d muchas personas han ca\u00eddo en la\u00a0<b>depresi\u00f3n<\/b>\u00a0y numerosas familias se han separado.<\/p>\n<p class=\"default__StyledText-xb1qmn-0 hOzITE body-paragraph fi-in-content\">Los habitantes del pueblo hasta han pedido\u00a0<b>ayuda psicol\u00f3gica<\/b>\u00a0para atender a estos chismes que se han convertido en una<b>\u00a0emergencia de salud mental.<\/b><\/p>\n<p class=\"default__StyledText-xb1qmn-0 hOzITE body-paragraph\">\u00c9rika tambi\u00e9n consult\u00f3 a un\u00a0<b>abogado<\/b>\u00a0quien afirm\u00f3 que el causante del chisme podr\u00eda enfrentar una demanda por<b>\u00a0injuria<\/b>\u00a0por la cual podr\u00eda pagar una pena de 16 a 54 meses de prisi\u00f3n u otra por\u00a0<b>calumnia<\/b>\u00a0cuya condena va de 16 a 72 meses de c\u00e1rcel.<\/p>\n<p class=\"default__StyledText-xb1qmn-0 hOzITE body-paragraph\">Lo curioso del\u00a0<b>chisme<\/b>\u00a0es que hasta el momento \u201clas malas lenguas\u201d que originaron los<b>\u00a0falsos rumores\u00a0<\/b>no ha sido identificadas a\u00fan. Los residentes piden que los chismosos sean desenmascarados.<\/p>\n<div class=\"block-margin-bottom fi-in-content\">\n<div>\n<div><\/div>\n<\/div>\n<\/div>\n<\/div>\n<\/div>\n<\/div>\n","protected":false},"excerpt":{"rendered":"<p>La periodista paisa con su particular forma de contar las noticias narr\u00f3 este ins\u00f3lito caso que afect\u00f3 a toda una poblaci\u00f3n. Una historia como salida de\u00a0Macondo\u00a0cont\u00f3 en\u00a0Noticias Caracol\u00a0su\u00a0reportera paisa favorita\u00a0\u00c9rika Zapata. La joven con su aut\u00e9ntica forma de narrar los hechos, no dej\u00f3 pasar este cuento, que parece sacado de las p\u00e1ginas de cr\u00f3nicas de\u00a0Gabriel [&hellip;]<\/p>\n","protected":false},"author":1,"featured_media":26422,"comment_status":"open","ping_status":"closed","sticky":false,"template":"","format":"standard","meta":{"footnotes":""},"categories":[3],"tags":[],"class_list":["post-26420","post","type-post","status-publish","format-standard","has-post-thumbnail","hentry","category-espectaculos"],"_links":{"self":[{"href":"https:\/\/solidaridadnews.com\/index.php?rest_route=\/wp\/v2\/posts\/26420","targetHints":{"allow":["GET"]}}],"collection":[{"href":"https:\/\/solidaridadnews.com\/index.php?rest_route=\/wp\/v2\/posts"}],"about":[{"href":"https:\/\/solidaridadnews.com\/index.php?rest_route=\/wp\/v2\/types\/post"}],"author":[{"embeddable":true,"href":"https:\/\/solidaridadnews.com\/index.php?rest_route=\/wp\/v2\/users\/1"}],"replies":[{"embeddable":true,"href":"https:\/\/solidaridadnews.com\/index.php?rest_route=%2Fwp%2Fv2%2Fcomments&post=26420"}],"version-history":[{"count":0,"href":"https:\/\/solidaridadnews.com\/index.php?rest_route=\/wp\/v2\/posts\/26420\/revisions"}],"wp:featuredmedia":[{"embeddable":true,"href":"https:\/\/solidaridadnews.com\/index.php?rest_route=\/wp\/v2\/media\/26422"}],"wp:attachment":[{"href":"https:\/\/solidaridadnews.com\/index.php?rest_route=%2Fwp%2Fv2%2Fmedia&parent=26420"}],"wp:term":[{"taxonomy":"category","embeddable":true,"href":"https:\/\/solidaridadnews.com\/index.php?rest_route=%2Fwp%2Fv2%2Fcategories&post=26420"},{"taxonomy":"post_tag","embeddable":true,"href":"https:\/\/solidaridadnews.com\/index.php?rest_route=%2Fwp%2Fv2%2Ftags&post=26420"}],"curies":[{"name":"wp","href":"https:\/\/api.w.org\/{rel}","templated":true}]}}